{"id":30579,"date":"2026-03-02T14:41:07","date_gmt":"2026-03-02T17:41:07","guid":{"rendered":"https:\/\/blogdodanielgalvao.com.br\/site\/?p=30579"},"modified":"2026-03-02T14:41:10","modified_gmt":"2026-03-02T17:41:10","slug":"cabo-frio-amplia-forca-tarefa-apos-fortes-chuvas-no-municipio","status":"publish","type":"post","link":"https:\/\/blogdodanielgalvao.com.br\/site\/cabo-frio-amplia-forca-tarefa-apos-fortes-chuvas-no-municipio\/","title":{"rendered":"Cabo Frio amplia for\u00e7a-tarefa ap\u00f3s fortes chuvas no munic\u00edpio"},"content":{"rendered":"\n<p>Ap\u00f3s as fortes chuvas que atingiram Cabo Frio, a Prefeitura colocou em pr\u00e1tica um mutir\u00e3o emergencial para reduzir os impactos causados pelo grande volume de \u00e1gua. A mobiliza\u00e7\u00e3o, coordenada pela Secretaria Municipal de Servi\u00e7os P\u00fablicos, ocorreu ao longo do fim de semana e contemplou diferentes pontos da cidade considerados mais vulner\u00e1veis.<\/p>\n\n\n\n<p>As equipes concentraram esfor\u00e7os na limpeza e desobstru\u00e7\u00e3o de bueiros, ralos e galerias pluviais, fundamentais para garantir o escoamento adequado da \u00e1gua da chuva. O ac\u00famulo de res\u00edduos s\u00f3lidos nas redes de drenagem, agravado pelo temporal, comprometeu a vaz\u00e3o em algumas \u00e1reas, aumentando o risco de alagamentos.<\/p>\n\n\n\n<p>Al\u00e9m do trabalho manual, foi utilizado caminh\u00e3o equipado com sistema de suc\u00e7\u00e3o a v\u00e1cuo, tecnologia que permite retirar lama, lixo e detritos com mais agilidade, principalmente em locais onde a obstru\u00e7\u00e3o era mais severa. A medida ajudou a restabelecer a capacidade de drenagem em trechos cr\u00edticos.<\/p>\n\n\n\n<p>De acordo com a administra\u00e7\u00e3o municipal, o monitoramento das condi\u00e7\u00f5es clim\u00e1ticas continua sendo realizado de forma constante. As equipes permanecem de prontid\u00e3o para atuar rapidamente caso novas ocorr\u00eancias sejam registradas.<\/p>\n\n\n\n<p>A iniciativa refor\u00e7a o compromisso com a manuten\u00e7\u00e3o da infraestrutura urbana, a preven\u00e7\u00e3o de transtornos \u00e0 popula\u00e7\u00e3o e a seguran\u00e7a dos moradores, especialmente em per\u00edodos de instabilidade clim\u00e1tica.&nbsp;&nbsp;&nbsp;<\/p>\n","protected":false},"excerpt":{"rendered":"<p>Ap\u00f3s as fortes chuvas que atingiram Cabo Frio, a Prefeitura colocou em pr\u00e1tica um mutir\u00e3o emergencial para reduzir os impactos causados pelo grande volume de \u00e1gua. A mobiliza\u00e7\u00e3o, coordenada pela Secretaria Municipal de Servi\u00e7os P\u00fablicos, ocorreu ao longo do fim de semana e contemplou diferentes pontos da cidade considerados mais vulner\u00e1veis. As equipes concentraram esfor\u00e7os [&hellip;]<\/p>\n","protected":false},"author":2,"featured_media":30580,"comment_status":"open","ping_status":"open","sticky":false,"template":"","format":"standard","meta":{"footnotes":""},"categories":[340,2982],"tags":[],"class_list":["post-30579","post","type-post","status-publish","format-standard","has-post-thumbnail","hentry","category-cabo-frio","category-destaque-noticia-4"],"_links":{"self":[{"href":"https:\/\/blogdodanielgalvao.com.br\/site\/wp-json\/wp\/v2\/posts\/30579","targetHints":{"allow":["GET"]}}],"collection":[{"href":"https:\/\/blogdodanielgalvao.com.br\/site\/wp-json\/wp\/v2\/posts"}],"about":[{"href":"https:\/\/blogdodanielgalvao.com.br\/site\/wp-json\/wp\/v2\/types\/post"}],"author":[{"embeddable":true,"href":"https:\/\/blogdodanielgalvao.com.br\/site\/wp-json\/wp\/v2\/users\/2"}],"replies":[{"embeddable":true,"href":"https:\/\/blogdodanielgalvao.com.br\/site\/wp-json\/wp\/v2\/comments?post=30579"}],"version-history":[{"count":1,"href":"https:\/\/blogdodanielgalvao.com.br\/site\/wp-json\/wp\/v2\/posts\/30579\/revisions"}],"predecessor-version":[{"id":30581,"href":"https:\/\/blogdodanielgalvao.com.br\/site\/wp-json\/wp\/v2\/posts\/30579\/revisions\/30581"}],"wp:featuredmedia":[{"embeddable":true,"href":"https:\/\/blogdodanielgalvao.com.br\/site\/wp-json\/wp\/v2\/media\/30580"}],"wp:attachment":[{"href":"https:\/\/blogdodanielgalvao.com.br\/site\/wp-json\/wp\/v2\/media?parent=30579"}],"wp:term":[{"taxonomy":"category","embeddable":true,"href":"https:\/\/blogdodanielgalvao.com.br\/site\/wp-json\/wp\/v2\/categories?post=30579"},{"taxonomy":"post_tag","embeddable":true,"href":"https:\/\/blogdodanielgalvao.com.br\/site\/wp-json\/wp\/v2\/tags?post=30579"}],"curies":[{"name":"wp","href":"https:\/\/api.w.org\/{rel}","templated":true}]}}