{"id":30576,"date":"2026-03-02T14:34:59","date_gmt":"2026-03-02T17:34:59","guid":{"rendered":"https:\/\/blogdodanielgalvao.com.br\/site\/?p=30576"},"modified":"2026-03-02T14:36:12","modified_gmt":"2026-03-02T17:36:12","slug":"cabo-frio-mobiliza-forca-tarefa-para-eliminar-fila-de-exames-laboratoriais","status":"publish","type":"post","link":"https:\/\/blogdodanielgalvao.com.br\/site\/cabo-frio-mobiliza-forca-tarefa-para-eliminar-fila-de-exames-laboratoriais\/","title":{"rendered":"Cabo Frio mobiliza for\u00e7a-tarefa para eliminar fila de exames laboratoriais"},"content":{"rendered":"\n<p>A Prefeitura de Cabo Frio iniciou, nesta segunda-feira (2), uma mobiliza\u00e7\u00e3o para acabar com a espera por exames de sangue, urina e fezes na rede p\u00fablica. A estrat\u00e9gia inclui refor\u00e7o na coleta em 13 unidades de sa\u00fade, com abertura de datas extras para atender a demanda acumulada.<\/p>\n\n\n\n<p>As amostras recolhidas ser\u00e3o encaminhadas a laborat\u00f3rio credenciado, garantindo a continuidade dos diagn\u00f3sticos e dos tratamentos.<\/p>\n\n\n\n<p>Integram a a\u00e7\u00e3o as Unidades B\u00e1sicas de Sa\u00fade do Jardim Esperan\u00e7a, Praia do Siqueira, Vila do Ar, Reserva do Per\u00f3, Unamar e Santo Ant\u00f4nio, al\u00e9m das Estrat\u00e9gias de Sa\u00fade da Fam\u00edlia do Jacar\u00e9, Palmeiras, Manoel Corr\u00eaa, Jardim Per\u00f3, Maria Joaquina, Sambur\u00e1 e Nova Calif\u00f3rnia.<\/p>\n\n\n\n<p>Equipes de agentes comunit\u00e1rios tamb\u00e9m est\u00e3o realizando busca ativa, entrando em contato com moradores que possuem solicita\u00e7\u00f5es pendentes. A orienta\u00e7\u00e3o \u00e9 aguardar o chamado, sem necessidade de comparecer \u00e0 unidade antes do contato.<\/p>\n\n\n\n<p>Nas demais unidades, onde a fila \u00e9 menor, haver\u00e1 amplia\u00e7\u00e3o das vagas para agendamento regular, sem necessidade de mutir\u00e3o espec\u00edfico.<\/p>\n\n\n\n<p>Segundo a secret\u00e1ria-adjunta de Vigil\u00e2ncia em Sa\u00fade e Aten\u00e7\u00e3o B\u00e1sica, Sandra Rabelo, a iniciativa representa o in\u00edcio de um processo mais amplo de reorganiza\u00e7\u00e3o da rede. A secret\u00e1ria de Sa\u00fade, Beatriz Trindade, afirmou que a meta \u00e9 acelerar os atendimentos at\u00e9 que n\u00e3o haja mais espera, refor\u00e7ando o compromisso de garantir qualidade e continuidade no cuidado \u00e0 popula\u00e7\u00e3o.&nbsp;&nbsp;&nbsp;&nbsp;<\/p>\n","protected":false},"excerpt":{"rendered":"<p>A Prefeitura de Cabo Frio iniciou, nesta segunda-feira (2), uma mobiliza\u00e7\u00e3o para acabar com a espera por exames de sangue, urina e fezes na rede p\u00fablica. A estrat\u00e9gia inclui refor\u00e7o na coleta em 13 unidades de sa\u00fade, com abertura de datas extras para atender a demanda acumulada. As amostras recolhidas ser\u00e3o encaminhadas a laborat\u00f3rio credenciado, [&hellip;]<\/p>\n","protected":false},"author":2,"featured_media":30577,"comment_status":"open","ping_status":"open","sticky":false,"template":"","format":"standard","meta":{"footnotes":""},"categories":[340,2978],"tags":[],"class_list":["post-30576","post","type-post","status-publish","format-standard","has-post-thumbnail","hentry","category-cabo-frio","category-destaques-topo"],"_links":{"self":[{"href":"https:\/\/blogdodanielgalvao.com.br\/site\/wp-json\/wp\/v2\/posts\/30576","targetHints":{"allow":["GET"]}}],"collection":[{"href":"https:\/\/blogdodanielgalvao.com.br\/site\/wp-json\/wp\/v2\/posts"}],"about":[{"href":"https:\/\/blogdodanielgalvao.com.br\/site\/wp-json\/wp\/v2\/types\/post"}],"author":[{"embeddable":true,"href":"https:\/\/blogdodanielgalvao.com.br\/site\/wp-json\/wp\/v2\/users\/2"}],"replies":[{"embeddable":true,"href":"https:\/\/blogdodanielgalvao.com.br\/site\/wp-json\/wp\/v2\/comments?post=30576"}],"version-history":[{"count":1,"href":"https:\/\/blogdodanielgalvao.com.br\/site\/wp-json\/wp\/v2\/posts\/30576\/revisions"}],"predecessor-version":[{"id":30578,"href":"https:\/\/blogdodanielgalvao.com.br\/site\/wp-json\/wp\/v2\/posts\/30576\/revisions\/30578"}],"wp:featuredmedia":[{"embeddable":true,"href":"https:\/\/blogdodanielgalvao.com.br\/site\/wp-json\/wp\/v2\/media\/30577"}],"wp:attachment":[{"href":"https:\/\/blogdodanielgalvao.com.br\/site\/wp-json\/wp\/v2\/media?parent=30576"}],"wp:term":[{"taxonomy":"category","embeddable":true,"href":"https:\/\/blogdodanielgalvao.com.br\/site\/wp-json\/wp\/v2\/categories?post=30576"},{"taxonomy":"post_tag","embeddable":true,"href":"https:\/\/blogdodanielgalvao.com.br\/site\/wp-json\/wp\/v2\/tags?post=30576"}],"curies":[{"name":"wp","href":"https:\/\/api.w.org\/{rel}","templated":true}]}}