{"id":30570,"date":"2026-03-02T14:25:46","date_gmt":"2026-03-02T17:25:46","guid":{"rendered":"https:\/\/blogdodanielgalvao.com.br\/site\/?p=30570"},"modified":"2026-03-02T14:25:53","modified_gmt":"2026-03-02T17:25:53","slug":"cabo-frio-reforca-apoio-as-familias-atingidas-pelas-chuvas","status":"publish","type":"post","link":"https:\/\/blogdodanielgalvao.com.br\/site\/cabo-frio-reforca-apoio-as-familias-atingidas-pelas-chuvas\/","title":{"rendered":"Cabo Frio refor\u00e7a apoio \u00e0s fam\u00edlias atingidas pelas chuvas"},"content":{"rendered":"\n<p>A Prefeitura de Cabo Frio intensificou as medidas de resposta ap\u00f3s as chuvas recentes, com a entrega de kits de limpeza \u00e0s fam\u00edlias impactadas pelos alagamentos. A mobiliza\u00e7\u00e3o \u00e9 conduzida pela Secretaria Municipal de Assist\u00eancia Social em conjunto com a Defesa Civil.<\/p>\n\n\n\n<p>A higieniza\u00e7\u00e3o dos im\u00f3veis \u00e9 etapa fundamental neste momento. A \u00e1gua das enchentes pode carregar lama, res\u00edduos e micro-organismos prejudiciais \u00e0 sa\u00fade. A limpeza adequada ajuda a evitar doen\u00e7as, impede a prolifera\u00e7\u00e3o de fungos, bact\u00e9rias e insetos e contribui para que as resid\u00eancias voltem a oferecer condi\u00e7\u00f5es seguras de moradia.<\/p>\n\n\n\n<p>Neste primeiro momento, a distribui\u00e7\u00e3o est\u00e1 concentrada nos bairros de Tamoios, apontados como os mais afetados, com amplia\u00e7\u00e3o gradativa para outras \u00e1reas conforme o mapeamento t\u00e9cnico realizado pelas equipes.<\/p>\n\n\n\n<p>As vistorias continuam, com acompanhamento permanente das fam\u00edlias atingidas e ado\u00e7\u00e3o de novas provid\u00eancias sempre que necess\u00e1rio.<\/p>\n\n\n\n<p>Em situa\u00e7\u00f5es de emerg\u00eancia, a Defesa Civil pode ser acionada pelos telefones (22) 2647-0199 ou 199.&nbsp;&nbsp;&nbsp;&nbsp;<\/p>\n","protected":false},"excerpt":{"rendered":"<p>A Prefeitura de Cabo Frio intensificou as medidas de resposta ap\u00f3s as chuvas recentes, com a entrega de kits de limpeza \u00e0s fam\u00edlias impactadas pelos alagamentos. A mobiliza\u00e7\u00e3o \u00e9 conduzida pela Secretaria Municipal de Assist\u00eancia Social em conjunto com a Defesa Civil. A higieniza\u00e7\u00e3o dos im\u00f3veis \u00e9 etapa fundamental neste momento. A \u00e1gua das enchentes [&hellip;]<\/p>\n","protected":false},"author":2,"featured_media":30571,"comment_status":"open","ping_status":"open","sticky":false,"template":"","format":"standard","meta":{"footnotes":""},"categories":[340],"tags":[],"class_list":["post-30570","post","type-post","status-publish","format-standard","has-post-thumbnail","hentry","category-cabo-frio"],"_links":{"self":[{"href":"https:\/\/blogdodanielgalvao.com.br\/site\/wp-json\/wp\/v2\/posts\/30570","targetHints":{"allow":["GET"]}}],"collection":[{"href":"https:\/\/blogdodanielgalvao.com.br\/site\/wp-json\/wp\/v2\/posts"}],"about":[{"href":"https:\/\/blogdodanielgalvao.com.br\/site\/wp-json\/wp\/v2\/types\/post"}],"author":[{"embeddable":true,"href":"https:\/\/blogdodanielgalvao.com.br\/site\/wp-json\/wp\/v2\/users\/2"}],"replies":[{"embeddable":true,"href":"https:\/\/blogdodanielgalvao.com.br\/site\/wp-json\/wp\/v2\/comments?post=30570"}],"version-history":[{"count":1,"href":"https:\/\/blogdodanielgalvao.com.br\/site\/wp-json\/wp\/v2\/posts\/30570\/revisions"}],"predecessor-version":[{"id":30572,"href":"https:\/\/blogdodanielgalvao.com.br\/site\/wp-json\/wp\/v2\/posts\/30570\/revisions\/30572"}],"wp:featuredmedia":[{"embeddable":true,"href":"https:\/\/blogdodanielgalvao.com.br\/site\/wp-json\/wp\/v2\/media\/30571"}],"wp:attachment":[{"href":"https:\/\/blogdodanielgalvao.com.br\/site\/wp-json\/wp\/v2\/media?parent=30570"}],"wp:term":[{"taxonomy":"category","embeddable":true,"href":"https:\/\/blogdodanielgalvao.com.br\/site\/wp-json\/wp\/v2\/categories?post=30570"},{"taxonomy":"post_tag","embeddable":true,"href":"https:\/\/blogdodanielgalvao.com.br\/site\/wp-json\/wp\/v2\/tags?post=30570"}],"curies":[{"name":"wp","href":"https:\/\/api.w.org\/{rel}","templated":true}]}}