{"id":30560,"date":"2026-02-28T13:01:58","date_gmt":"2026-02-28T16:01:58","guid":{"rendered":"https:\/\/blogdodanielgalvao.com.br\/site\/?p=30560"},"modified":"2026-02-28T13:02:05","modified_gmt":"2026-02-28T16:02:05","slug":"enxurrada-abre-cratera-e-destroi-carro-no-jardim-esperanca-em-cabo-frio","status":"publish","type":"post","link":"https:\/\/blogdodanielgalvao.com.br\/site\/enxurrada-abre-cratera-e-destroi-carro-no-jardim-esperanca-em-cabo-frio\/","title":{"rendered":"Enxurrada abre cratera e destr\u00f3i carro no Jardim Esperan\u00e7a em Cabo Frio"},"content":{"rendered":"\n<p>A for\u00e7a da enxurrada que atingiu Cabo Frio na manh\u00e3 desta sexta-feira (26) abriu uma cratera no bairro Jardim Esperan\u00e7a e deixou um carro praticamente destru\u00eddo. O caso ocorreu em frente ao Col\u00e9gio Municipal Vereador Leaquim Schuindt, onde o asfalto n\u00e3o resistiu ao volume de \u00e1gua e acabou cedendo.<\/p>\n\n\n\n<p>O ve\u00edculo, de cor preta, ficou preso no buraco aberto na via ap\u00f3s o solo colapsar. A parte dianteira ficou submersa, deixando o autom\u00f3vel inclinado e com danos estruturais significativos.<\/p>\n\n\n\n<p>Moradores registraram imagens que mostram o carro praticamente \u201cengolido\u201d pela cratera, evidenciando a dimens\u00e3o do estrago causado pela chuva intensa que atingiu a regi\u00e3o.<\/p>\n\n\n\n<p>At\u00e9 o momento, n\u00e3o h\u00e1 confirma\u00e7\u00e3o de pessoas feridas em decorr\u00eancia do incidente.&nbsp;&nbsp;&nbsp;&nbsp;&nbsp;<\/p>\n","protected":false},"excerpt":{"rendered":"<p>A for\u00e7a da enxurrada que atingiu Cabo Frio na manh\u00e3 desta sexta-feira (26) abriu uma cratera no bairro Jardim Esperan\u00e7a e deixou um carro praticamente destru\u00eddo. O caso ocorreu em frente ao Col\u00e9gio Municipal Vereador Leaquim Schuindt, onde o asfalto n\u00e3o resistiu ao volume de \u00e1gua e acabou cedendo. O ve\u00edculo, de cor preta, ficou [&hellip;]<\/p>\n","protected":false},"author":2,"featured_media":30561,"comment_status":"open","ping_status":"open","sticky":false,"template":"","format":"standard","meta":{"footnotes":""},"categories":[340,2981],"tags":[],"class_list":["post-30560","post","type-post","status-publish","format-standard","has-post-thumbnail","hentry","category-cabo-frio","category-destaque-noticia-3"],"_links":{"self":[{"href":"https:\/\/blogdodanielgalvao.com.br\/site\/wp-json\/wp\/v2\/posts\/30560","targetHints":{"allow":["GET"]}}],"collection":[{"href":"https:\/\/blogdodanielgalvao.com.br\/site\/wp-json\/wp\/v2\/posts"}],"about":[{"href":"https:\/\/blogdodanielgalvao.com.br\/site\/wp-json\/wp\/v2\/types\/post"}],"author":[{"embeddable":true,"href":"https:\/\/blogdodanielgalvao.com.br\/site\/wp-json\/wp\/v2\/users\/2"}],"replies":[{"embeddable":true,"href":"https:\/\/blogdodanielgalvao.com.br\/site\/wp-json\/wp\/v2\/comments?post=30560"}],"version-history":[{"count":1,"href":"https:\/\/blogdodanielgalvao.com.br\/site\/wp-json\/wp\/v2\/posts\/30560\/revisions"}],"predecessor-version":[{"id":30562,"href":"https:\/\/blogdodanielgalvao.com.br\/site\/wp-json\/wp\/v2\/posts\/30560\/revisions\/30562"}],"wp:featuredmedia":[{"embeddable":true,"href":"https:\/\/blogdodanielgalvao.com.br\/site\/wp-json\/wp\/v2\/media\/30561"}],"wp:attachment":[{"href":"https:\/\/blogdodanielgalvao.com.br\/site\/wp-json\/wp\/v2\/media?parent=30560"}],"wp:term":[{"taxonomy":"category","embeddable":true,"href":"https:\/\/blogdodanielgalvao.com.br\/site\/wp-json\/wp\/v2\/categories?post=30560"},{"taxonomy":"post_tag","embeddable":true,"href":"https:\/\/blogdodanielgalvao.com.br\/site\/wp-json\/wp\/v2\/tags?post=30560"}],"curies":[{"name":"wp","href":"https:\/\/api.w.org\/{rel}","templated":true}]}}