{"id":30554,"date":"2026-02-28T09:44:30","date_gmt":"2026-02-28T12:44:30","guid":{"rendered":"https:\/\/blogdodanielgalvao.com.br\/site\/?p=30554"},"modified":"2026-02-28T09:44:35","modified_gmt":"2026-02-28T12:44:35","slug":"rio-das-ostras-adia-corrida-ostras-summer-devido-as-fortes-chuvas-que-caem-na-cidade","status":"publish","type":"post","link":"https:\/\/blogdodanielgalvao.com.br\/site\/rio-das-ostras-adia-corrida-ostras-summer-devido-as-fortes-chuvas-que-caem-na-cidade\/","title":{"rendered":"Rio das Ostras adia Corrida Ostras Summer devido \u00e0s fortes chuvas que caem na cidade"},"content":{"rendered":"\n<p>As fortes chuvas que caem em Rio das Ostras desde a tarde dessa quinta-feira, 26, fizeram com que a organiza\u00e7\u00e3o da Corrida Ostras Summer, que aconteceria nesse fim de semana, adiasse o evento, que foi remarcado para o pr\u00f3ximo dia 8 de mar\u00e7o.<\/p>\n\n\n\n<p>Em comunicado divulgado nessa sexta-feira, 27, a organiza\u00e7\u00e3o da prova, que seguir\u00e1 na Lagoa de Iriry conforme previsto, explicou que o adiamento da corrida visa garantir a seguran\u00e7a dos atletas e do p\u00fablico.<\/p>\n\n\n\n<p>De acordo com a prefeitura, o evento ter\u00e1 a retirada dos kits no pr\u00f3ximo dia 7, das 9h \u00e0s 16h, no mesmo local da prova, lembrando que os kits cont\u00eam camiseta personalizada, n\u00famero de peito com chip de cronometragem, sacola e viseira.<\/p>\n\n\n\n<p>\u201cA decis\u00e3o de adiamento foi tomada de forma preventiva, priorizando o bem-estar dos participantes e a qualidade do evento. Mais do que nunca a popula\u00e7\u00e3o em situa\u00e7\u00e3o de vulnerabilidade de Rio das Ostras est\u00e1 precisando de solidariedade e por isso a organiza\u00e7\u00e3o convida os participantes a doar 1 quilo (kg) de alimento n\u00e3o perec\u00edvel, no momento de retirada do kit\u201d, refor\u00e7ou a organiza\u00e7\u00e3o.<\/p>\n","protected":false},"excerpt":{"rendered":"<p>As fortes chuvas que caem em Rio das Ostras desde a tarde dessa quinta-feira, 26, fizeram com que a organiza\u00e7\u00e3o da Corrida Ostras Summer, que aconteceria nesse fim de semana, adiasse o evento, que foi remarcado para o pr\u00f3ximo dia 8 de mar\u00e7o. Em comunicado divulgado nessa sexta-feira, 27, a organiza\u00e7\u00e3o da prova, que seguir\u00e1 [&hellip;]<\/p>\n","protected":false},"author":2,"featured_media":30555,"comment_status":"open","ping_status":"open","sticky":false,"template":"","format":"standard","meta":{"footnotes":""},"categories":[2980,1897,4],"tags":[],"class_list":["post-30554","post","type-post","status-publish","format-standard","has-post-thumbnail","hentry","category-destaque-noticia-2","category-esportes","category-rio-das-ostras"],"_links":{"self":[{"href":"https:\/\/blogdodanielgalvao.com.br\/site\/wp-json\/wp\/v2\/posts\/30554","targetHints":{"allow":["GET"]}}],"collection":[{"href":"https:\/\/blogdodanielgalvao.com.br\/site\/wp-json\/wp\/v2\/posts"}],"about":[{"href":"https:\/\/blogdodanielgalvao.com.br\/site\/wp-json\/wp\/v2\/types\/post"}],"author":[{"embeddable":true,"href":"https:\/\/blogdodanielgalvao.com.br\/site\/wp-json\/wp\/v2\/users\/2"}],"replies":[{"embeddable":true,"href":"https:\/\/blogdodanielgalvao.com.br\/site\/wp-json\/wp\/v2\/comments?post=30554"}],"version-history":[{"count":1,"href":"https:\/\/blogdodanielgalvao.com.br\/site\/wp-json\/wp\/v2\/posts\/30554\/revisions"}],"predecessor-version":[{"id":30556,"href":"https:\/\/blogdodanielgalvao.com.br\/site\/wp-json\/wp\/v2\/posts\/30554\/revisions\/30556"}],"wp:featuredmedia":[{"embeddable":true,"href":"https:\/\/blogdodanielgalvao.com.br\/site\/wp-json\/wp\/v2\/media\/30555"}],"wp:attachment":[{"href":"https:\/\/blogdodanielgalvao.com.br\/site\/wp-json\/wp\/v2\/media?parent=30554"}],"wp:term":[{"taxonomy":"category","embeddable":true,"href":"https:\/\/blogdodanielgalvao.com.br\/site\/wp-json\/wp\/v2\/categories?post=30554"},{"taxonomy":"post_tag","embeddable":true,"href":"https:\/\/blogdodanielgalvao.com.br\/site\/wp-json\/wp\/v2\/tags?post=30554"}],"curies":[{"name":"wp","href":"https:\/\/api.w.org\/{rel}","templated":true}]}}