{"id":30543,"date":"2026-02-27T18:45:15","date_gmt":"2026-02-27T21:45:15","guid":{"rendered":"https:\/\/blogdodanielgalvao.com.br\/site\/?p=30543"},"modified":"2026-02-27T18:45:21","modified_gmt":"2026-02-27T21:45:21","slug":"chuvas-fortes-fecham-unidades-de-saude-em-rio-das-ostras-confira-o-que-esta-funcionando","status":"publish","type":"post","link":"https:\/\/blogdodanielgalvao.com.br\/site\/chuvas-fortes-fecham-unidades-de-saude-em-rio-das-ostras-confira-o-que-esta-funcionando\/","title":{"rendered":"Chuvas fortes fecham unidades de sa\u00fade em Rio das Ostras; confira o que est\u00e1 funcionando"},"content":{"rendered":"\n<p>Em nota divulgada no fim da manh\u00e3 dessa sexta-feira, 27, a Prefeitura de Rio das Ostras informou sobre o fechamento de Unidades B\u00e1sicas de Sa\u00fade (UBSs) em raz\u00e3o dos transtornos provocados pelas fortes chuvas que caem na cidade desde a tarde dessa quinta-feira, 26.<\/p>\n\n\n\n<p>De acordo com a Secretaria de Sa\u00fade, os motivos para o fechamento das unidades inclu\u00edram dificuldades de acesso, falta de energia, e impossibilidade de os funcion\u00e1rios chegarem \u00e0s unidades devido aos v\u00e1rios pontos de alagamento na cidade.<\/p>\n\n\n\n<p>As exce\u00e7\u00f5es foram a UBS do Jardim Maril\u00e9a, que seguiu funcionando com equipe administrativa, m\u00e9dica e de enfermagem, assim como a unidade de Estrat\u00e9gia de Sa\u00fade da Fam\u00edlia (ESF) em Rocha Le\u00e3o.<\/p>\n\n\n\n<p>\u201cAs demais est\u00e3o impossibilitadas de atender \u00e0 popula\u00e7\u00e3o ou por problemas de acessibilidade, interrup\u00e7\u00e3o no fornecimento de energia el\u00e9trica ou porque os funcion\u00e1rios n\u00e3o conseguiram chegar at\u00e9 os postos\u201d, explicou a prefeitura.<\/p>\n\n\n\n<p>Al\u00e9m delas, tamb\u00e9m seguem em funcionamento as unidades de emerg\u00eancia, como o Pronto Socorro, no Parque Zabul\u00e3o, e a Unidade de Pronto Atendimento (UPA) 24 horas, no \u00c2ncora, al\u00e9m do Hospital Municipal, pr\u00f3ximo do Pronto Socorro, que manteve emerg\u00eancia pedi\u00e1trica e obst\u00e9trica.<\/p>\n\n\n\n<p>\u201cNo s\u00e1bado, 28, equipes da prefeitura estar\u00e3o nas unidades de sa\u00fade fazendo trabalhos de limpeza, manuten\u00e7\u00e3o e organiza\u00e7\u00e3o necess\u00e1rios para que estejam prontas a receber a popula\u00e7\u00e3o, com pleno atendimento, na pr\u00f3xima segunda-feira, 2 de mar\u00e7o\u201d, prometeu o munic\u00edpio.<\/p>\n","protected":false},"excerpt":{"rendered":"<p>Em nota divulgada no fim da manh\u00e3 dessa sexta-feira, 27, a Prefeitura de Rio das Ostras informou sobre o fechamento de Unidades B\u00e1sicas de Sa\u00fade (UBSs) em raz\u00e3o dos transtornos provocados pelas fortes chuvas que caem na cidade desde a tarde dessa quinta-feira, 26. De acordo com a Secretaria de Sa\u00fade, os motivos para o [&hellip;]<\/p>\n","protected":false},"author":2,"featured_media":30544,"comment_status":"open","ping_status":"open","sticky":false,"template":"","format":"standard","meta":{"footnotes":""},"categories":[2978,4,2155],"tags":[],"class_list":["post-30543","post","type-post","status-publish","format-standard","has-post-thumbnail","hentry","category-destaques-topo","category-rio-das-ostras","category-seguranca-publica"],"_links":{"self":[{"href":"https:\/\/blogdodanielgalvao.com.br\/site\/wp-json\/wp\/v2\/posts\/30543","targetHints":{"allow":["GET"]}}],"collection":[{"href":"https:\/\/blogdodanielgalvao.com.br\/site\/wp-json\/wp\/v2\/posts"}],"about":[{"href":"https:\/\/blogdodanielgalvao.com.br\/site\/wp-json\/wp\/v2\/types\/post"}],"author":[{"embeddable":true,"href":"https:\/\/blogdodanielgalvao.com.br\/site\/wp-json\/wp\/v2\/users\/2"}],"replies":[{"embeddable":true,"href":"https:\/\/blogdodanielgalvao.com.br\/site\/wp-json\/wp\/v2\/comments?post=30543"}],"version-history":[{"count":1,"href":"https:\/\/blogdodanielgalvao.com.br\/site\/wp-json\/wp\/v2\/posts\/30543\/revisions"}],"predecessor-version":[{"id":30545,"href":"https:\/\/blogdodanielgalvao.com.br\/site\/wp-json\/wp\/v2\/posts\/30543\/revisions\/30545"}],"wp:featuredmedia":[{"embeddable":true,"href":"https:\/\/blogdodanielgalvao.com.br\/site\/wp-json\/wp\/v2\/media\/30544"}],"wp:attachment":[{"href":"https:\/\/blogdodanielgalvao.com.br\/site\/wp-json\/wp\/v2\/media?parent=30543"}],"wp:term":[{"taxonomy":"category","embeddable":true,"href":"https:\/\/blogdodanielgalvao.com.br\/site\/wp-json\/wp\/v2\/categories?post=30543"},{"taxonomy":"post_tag","embeddable":true,"href":"https:\/\/blogdodanielgalvao.com.br\/site\/wp-json\/wp\/v2\/tags?post=30543"}],"curies":[{"name":"wp","href":"https:\/\/api.w.org\/{rel}","templated":true}]}}