{"id":30539,"date":"2026-02-27T16:58:46","date_gmt":"2026-02-27T19:58:46","guid":{"rendered":"https:\/\/blogdodanielgalvao.com.br\/site\/?p=30539"},"modified":"2026-02-27T16:59:31","modified_gmt":"2026-02-27T19:59:31","slug":"alagamentos-atingem-diversos-bairros-e-deixam-morador-desalojado-em-sao-pedro-da-aldeia","status":"publish","type":"post","link":"https:\/\/blogdodanielgalvao.com.br\/site\/alagamentos-atingem-diversos-bairros-e-deixam-morador-desalojado-em-sao-pedro-da-aldeia\/","title":{"rendered":"Alagamentos atingem diversos bairros e deixam morador desalojado em S\u00e3o Pedro da Aldeia"},"content":{"rendered":"\n<p>O volume de chuva acumulado nas \u00faltimas 24 horas em S\u00e3o Pedro da Aldeia ultrapassou a marca de 100 mil\u00edmetros, intensificando o cen\u00e1rio de aten\u00e7\u00e3o em todo o munic\u00edpio. Diante do \u00edndice elevado, a Defesa Civil permanece em estado de alerta e refor\u00e7ou o monitoramento permanente, sobretudo nas regi\u00f5es classificadas como mais vulner\u00e1veis.<\/p>\n\n\n\n<p>At\u00e9 o momento, o \u00f3rg\u00e3o registrou oito ocorr\u00eancias de alagamentos distribu\u00eddas pelos bairros Baixo Grande, Balne\u00e1rio, Praia do Sudoeste, S\u00e3o Jo\u00e3o, Recanto do Sol, Flexeira e Nova S\u00e3o Pedro. H\u00e1 confirma\u00e7\u00e3o de uma pessoa desalojada em decorr\u00eancia dos transtornos provocados pelo temporal.<\/p>\n\n\n\n<p>As a\u00e7\u00f5es de acompanhamento e resposta contam com a atua\u00e7\u00e3o direta dos agentes da Defesa Civil, que trabalham em conjunto com o secret\u00e1rio de Seguran\u00e7a e Ordem P\u00fablica, Diego Alves, o secret\u00e1rio adjunto Jos\u00e9 Renato Alves, o coordenador da Defesa Civil, Luiz Alberto, al\u00e9m de outras Secretarias Municipais que integram a for\u00e7a-tarefa mobilizada.<\/p>\n\n\n\n<p>O munic\u00edpio segue com equipes nas ruas avaliando ocorr\u00eancias, vistoriando \u00e1reas cr\u00edticas e oferecendo suporte \u00e0 popula\u00e7\u00e3o afetada. A recomenda\u00e7\u00e3o \u00e9 que moradores redobrem os cuidados e acionem o \u00f3rg\u00e3o em caso de necessidade.<\/p>\n\n\n\n<p>A Defesa Civil pode ser contatada pelo telefone 199. Tamb\u00e9m est\u00e1 dispon\u00edvel o atendimento pelo WhatsApp, por meio do canal Pedrinho, no n\u00famero (22) 99776-0633.&nbsp;&nbsp;&nbsp;&nbsp;<\/p>\n","protected":false},"excerpt":{"rendered":"<p>O volume de chuva acumulado nas \u00faltimas 24 horas em S\u00e3o Pedro da Aldeia ultrapassou a marca de 100 mil\u00edmetros, intensificando o cen\u00e1rio de aten\u00e7\u00e3o em todo o munic\u00edpio. Diante do \u00edndice elevado, a Defesa Civil permanece em estado de alerta e refor\u00e7ou o monitoramento permanente, sobretudo nas regi\u00f5es classificadas como mais vulner\u00e1veis. At\u00e9 o [&hellip;]<\/p>\n","protected":false},"author":2,"featured_media":30540,"comment_status":"open","ping_status":"open","sticky":false,"template":"","format":"standard","meta":{"footnotes":""},"categories":[1887],"tags":[],"class_list":["post-30539","post","type-post","status-publish","format-standard","has-post-thumbnail","hentry","category-sao-pedro-da-aldeia"],"_links":{"self":[{"href":"https:\/\/blogdodanielgalvao.com.br\/site\/wp-json\/wp\/v2\/posts\/30539","targetHints":{"allow":["GET"]}}],"collection":[{"href":"https:\/\/blogdodanielgalvao.com.br\/site\/wp-json\/wp\/v2\/posts"}],"about":[{"href":"https:\/\/blogdodanielgalvao.com.br\/site\/wp-json\/wp\/v2\/types\/post"}],"author":[{"embeddable":true,"href":"https:\/\/blogdodanielgalvao.com.br\/site\/wp-json\/wp\/v2\/users\/2"}],"replies":[{"embeddable":true,"href":"https:\/\/blogdodanielgalvao.com.br\/site\/wp-json\/wp\/v2\/comments?post=30539"}],"version-history":[{"count":1,"href":"https:\/\/blogdodanielgalvao.com.br\/site\/wp-json\/wp\/v2\/posts\/30539\/revisions"}],"predecessor-version":[{"id":30541,"href":"https:\/\/blogdodanielgalvao.com.br\/site\/wp-json\/wp\/v2\/posts\/30539\/revisions\/30541"}],"wp:featuredmedia":[{"embeddable":true,"href":"https:\/\/blogdodanielgalvao.com.br\/site\/wp-json\/wp\/v2\/media\/30540"}],"wp:attachment":[{"href":"https:\/\/blogdodanielgalvao.com.br\/site\/wp-json\/wp\/v2\/media?parent=30539"}],"wp:term":[{"taxonomy":"category","embeddable":true,"href":"https:\/\/blogdodanielgalvao.com.br\/site\/wp-json\/wp\/v2\/categories?post=30539"},{"taxonomy":"post_tag","embeddable":true,"href":"https:\/\/blogdodanielgalvao.com.br\/site\/wp-json\/wp\/v2\/tags?post=30539"}],"curies":[{"name":"wp","href":"https:\/\/api.w.org\/{rel}","templated":true}]}}