{"id":30536,"date":"2026-02-27T16:53:15","date_gmt":"2026-02-27T19:53:15","guid":{"rendered":"https:\/\/blogdodanielgalvao.com.br\/site\/?p=30536"},"modified":"2026-02-27T16:53:20","modified_gmt":"2026-02-27T19:53:20","slug":"cabo-frio-registra-mais-de-80-milimetros-de-chuva-e-mantem-monitoramento-intensivo","status":"publish","type":"post","link":"https:\/\/blogdodanielgalvao.com.br\/site\/cabo-frio-registra-mais-de-80-milimetros-de-chuva-e-mantem-monitoramento-intensivo\/","title":{"rendered":"Cabo Frio registra mais de 80 mil\u00edmetros de chuva e mant\u00e9m monitoramento intensivo"},"content":{"rendered":"\n<p>A Prefeitura de Cabo Frio informou que a Defesa Civil segue acompanhando de forma permanente as ocorr\u00eancias relacionadas \u00e0s chuvas desta sexta-feira (27). At\u00e9 as 15h, o volume acumulado nas \u00faltimas 24 horas chegou a 83,2 mil\u00edmetros no primeiro distrito e 68,7 mil\u00edmetros no segundo distrito.<\/p>\n\n\n\n<p>De acordo com o \u00f3rg\u00e3o, o sistema meteorol\u00f3gico que atua sobre o munic\u00edpio e a regi\u00e3o da Baixada Litor\u00e2nea apresenta tend\u00eancia de enfraquecimento gradual ao longo da tarde, com deslocamento em dire\u00e7\u00e3o ao Esp\u00edrito Santo. A expectativa \u00e9 de redu\u00e7\u00e3o progressiva das instabilidades e melhora mais consistente das condi\u00e7\u00f5es clim\u00e1ticas no in\u00edcio da noite. Para o s\u00e1bado, a previs\u00e3o indica tempo est\u00e1vel, sem registro significativo de chuva at\u00e9 o momento.<\/p>\n\n\n\n<p>No Centro da cidade, um restaurante teve o telhado comprometido na manh\u00e3 desta sexta-feira. Duas pessoas estavam no im\u00f3vel no momento do incidente e foram retiradas pelo Corpo de Bombeiros. Ap\u00f3s vistoria t\u00e9cnica, a Defesa Civil determinou a interdi\u00e7\u00e3o total do pr\u00e9dio devido a danos estruturais e risco de colapso.<\/p>\n\n\n\n<p>No bairro Jardim Esperan\u00e7a, um ve\u00edculo caiu em uma cratera aberta na via p\u00fablica e precisou ser removido pelas equipes municipais. A concession\u00e1ria respons\u00e1vel pelo abastecimento de \u00e1gua e esgoto foi acionada e notificada para executar os reparos necess\u00e1rios. Tamb\u00e9m foram registradas duas ocorr\u00eancias de queda de \u00e1rvores, nos bairros S\u00e3o Crist\u00f3v\u00e3o e na Pra\u00e7a da Cidadania, na Praia do Forte.<\/p>\n\n\n\n<p>At\u00e9 o momento, 11 moradores precisaram deixar suas resid\u00eancias. Tr\u00eas s\u00e3o do Jacar\u00e9, quatro de Maria Joaquina e quatro do bairro Sinagoga. Todos foram encaminhados para casas de familiares. As localidades mais afetadas pelo temporal incluem Unamar, Maria Joaquina, Jardim Esperan\u00e7a, Tangar\u00e1, Jacar\u00e9 e Parque Burle.<\/p>\n\n\n\n<p>Como medida preventiva, os atendimentos ambulatoriais do PAM de S\u00e3o Crist\u00f3v\u00e3o e do Hospital Otime Cardoso dos Santos foram suspensos, al\u00e9m da paralisa\u00e7\u00e3o tempor\u00e1ria das atividades nas unidades de sa\u00fade, como ESF e UBS. A rede municipal de ensino tamb\u00e9m interrompeu as aulas nesta sexta-feira.<\/p>\n\n\n\n<p>A Secretaria de Assist\u00eancia Social realizou o acolhimento de 15 pessoas em situa\u00e7\u00e3o de rua, encaminhadas para a Casa de Passagem, garantindo abrigo durante o per\u00edodo de instabilidade.<\/p>\n\n\n\n<p>O Gabinete de Crise permanece em funcionamento, com monitoramento cont\u00ednuo das \u00e1reas mais vulner\u00e1veis. Equipes da Defesa Civil realizam vistorias t\u00e9cnicas e acompanham pontos com ac\u00famulo de \u00e1gua. M\u00e1quinas e servidores atuam na limpeza e desobstru\u00e7\u00e3o de vias para facilitar o escoamento e reduzir os impactos provocados pela chuva.<\/p>\n\n\n\n<p>A orienta\u00e7\u00e3o \u00e0 popula\u00e7\u00e3o \u00e9 manter aten\u00e7\u00e3o redobrada, evitar deslocamentos em \u00e1reas alagadas e buscar locais seguros diante de qualquer situa\u00e7\u00e3o de risco.<\/p>\n\n\n\n<p>Em caso de emerg\u00eancia, a Defesa Civil atende pelos telefones 199 e (22) 2647-0199. O Corpo de Bombeiros pode ser acionado pelo n\u00famero 193.&nbsp;&nbsp;&nbsp;&nbsp;<\/p>\n","protected":false},"excerpt":{"rendered":"<p>A Prefeitura de Cabo Frio informou que a Defesa Civil segue acompanhando de forma permanente as ocorr\u00eancias relacionadas \u00e0s chuvas desta sexta-feira (27). At\u00e9 as 15h, o volume acumulado nas \u00faltimas 24 horas chegou a 83,2 mil\u00edmetros no primeiro distrito e 68,7 mil\u00edmetros no segundo distrito. De acordo com o \u00f3rg\u00e3o, o sistema meteorol\u00f3gico que [&hellip;]<\/p>\n","protected":false},"author":2,"featured_media":30537,"comment_status":"open","ping_status":"open","sticky":false,"template":"","format":"standard","meta":{"footnotes":""},"categories":[340],"tags":[],"class_list":["post-30536","post","type-post","status-publish","format-standard","has-post-thumbnail","hentry","category-cabo-frio"],"_links":{"self":[{"href":"https:\/\/blogdodanielgalvao.com.br\/site\/wp-json\/wp\/v2\/posts\/30536","targetHints":{"allow":["GET"]}}],"collection":[{"href":"https:\/\/blogdodanielgalvao.com.br\/site\/wp-json\/wp\/v2\/posts"}],"about":[{"href":"https:\/\/blogdodanielgalvao.com.br\/site\/wp-json\/wp\/v2\/types\/post"}],"author":[{"embeddable":true,"href":"https:\/\/blogdodanielgalvao.com.br\/site\/wp-json\/wp\/v2\/users\/2"}],"replies":[{"embeddable":true,"href":"https:\/\/blogdodanielgalvao.com.br\/site\/wp-json\/wp\/v2\/comments?post=30536"}],"version-history":[{"count":1,"href":"https:\/\/blogdodanielgalvao.com.br\/site\/wp-json\/wp\/v2\/posts\/30536\/revisions"}],"predecessor-version":[{"id":30538,"href":"https:\/\/blogdodanielgalvao.com.br\/site\/wp-json\/wp\/v2\/posts\/30536\/revisions\/30538"}],"wp:featuredmedia":[{"embeddable":true,"href":"https:\/\/blogdodanielgalvao.com.br\/site\/wp-json\/wp\/v2\/media\/30537"}],"wp:attachment":[{"href":"https:\/\/blogdodanielgalvao.com.br\/site\/wp-json\/wp\/v2\/media?parent=30536"}],"wp:term":[{"taxonomy":"category","embeddable":true,"href":"https:\/\/blogdodanielgalvao.com.br\/site\/wp-json\/wp\/v2\/categories?post=30536"},{"taxonomy":"post_tag","embeddable":true,"href":"https:\/\/blogdodanielgalvao.com.br\/site\/wp-json\/wp\/v2\/tags?post=30536"}],"curies":[{"name":"wp","href":"https:\/\/api.w.org\/{rel}","templated":true}]}}