{"id":30533,"date":"2026-02-27T16:49:20","date_gmt":"2026-02-27T19:49:20","guid":{"rendered":"https:\/\/blogdodanielgalvao.com.br\/site\/?p=30533"},"modified":"2026-02-27T16:49:27","modified_gmt":"2026-02-27T19:49:27","slug":"hospital-geral-e-pronto-socorro-seguem-como-referencia-para-urgencias-em-arraial-do-cabo","status":"publish","type":"post","link":"https:\/\/blogdodanielgalvao.com.br\/site\/hospital-geral-e-pronto-socorro-seguem-como-referencia-para-urgencias-em-arraial-do-cabo\/","title":{"rendered":"Hospital Geral e Pronto Socorro seguem como refer\u00eancia para urg\u00eancias em Arraial do Cabo"},"content":{"rendered":"\n<p>A Prefeitura de Arraial do Cabo informou que, em raz\u00e3o das condi\u00e7\u00f5es clim\u00e1ticas adversas registradas nas \u00faltimas horas, o atendimento ser\u00e1 suspenso na tarde desta sexta-feira (27\/02) em grande parte da rede municipal de sa\u00fade. A decis\u00e3o tem car\u00e1ter preventivo e busca preservar a integridade de pacientes, acompanhantes e profissionais diante do cen\u00e1rio de instabilidade.<\/p>\n\n\n\n<p>Est\u00e3o com funcionamento temporariamente interrompido a Secretaria Municipal de Sa\u00fade, as Unidades B\u00e1sicas de Sa\u00fade, o Centro de Doen\u00e7as Infecciosas, o Centro de Especialidades Odontol\u00f3gicas, o Centro Oftalmol\u00f3gico, o Centro Especializado em Reabilita\u00e7\u00e3o, os Centros de Aten\u00e7\u00e3o Psicossocial, a Casa do Autista e os setores de Vigil\u00e2ncia. A suspens\u00e3o acompanha o protocolo de seguran\u00e7a adotado pelo munic\u00edpio em situa\u00e7\u00f5es de risco clim\u00e1tico.<\/p>\n\n\n\n<p>Apesar das restri\u00e7\u00f5es, os servi\u00e7os considerados essenciais permanecem ativos para assegurar assist\u00eancia \u00e0 popula\u00e7\u00e3o. O Hospital Geral de Arraial do Cabo segue operando normalmente, assim como o Pronto Socorro de Figueira, a Central de Exames e a Policl\u00ednica, que continuam recebendo pacientes.<\/p>\n\n\n\n<p>A administra\u00e7\u00e3o municipal refor\u00e7a que, em casos de urg\u00eancia ou emerg\u00eancia, a orienta\u00e7\u00e3o \u00e9 procurar imediatamente o Hospital Geral ou o Pronto Socorro. A medida poder\u00e1 ser reavaliada conforme a evolu\u00e7\u00e3o das condi\u00e7\u00f5es meteorol\u00f3gicas.&nbsp;&nbsp;&nbsp;&nbsp;<\/p>\n","protected":false},"excerpt":{"rendered":"<p>A Prefeitura de Arraial do Cabo informou que, em raz\u00e3o das condi\u00e7\u00f5es clim\u00e1ticas adversas registradas nas \u00faltimas horas, o atendimento ser\u00e1 suspenso na tarde desta sexta-feira (27\/02) em grande parte da rede municipal de sa\u00fade. A decis\u00e3o tem car\u00e1ter preventivo e busca preservar a integridade de pacientes, acompanhantes e profissionais diante do cen\u00e1rio de instabilidade. [&hellip;]<\/p>\n","protected":false},"author":2,"featured_media":30534,"comment_status":"open","ping_status":"open","sticky":false,"template":"","format":"standard","meta":{"footnotes":""},"categories":[838],"tags":[],"class_list":["post-30533","post","type-post","status-publish","format-standard","has-post-thumbnail","hentry","category-arraial-do-cabo"],"_links":{"self":[{"href":"https:\/\/blogdodanielgalvao.com.br\/site\/wp-json\/wp\/v2\/posts\/30533","targetHints":{"allow":["GET"]}}],"collection":[{"href":"https:\/\/blogdodanielgalvao.com.br\/site\/wp-json\/wp\/v2\/posts"}],"about":[{"href":"https:\/\/blogdodanielgalvao.com.br\/site\/wp-json\/wp\/v2\/types\/post"}],"author":[{"embeddable":true,"href":"https:\/\/blogdodanielgalvao.com.br\/site\/wp-json\/wp\/v2\/users\/2"}],"replies":[{"embeddable":true,"href":"https:\/\/blogdodanielgalvao.com.br\/site\/wp-json\/wp\/v2\/comments?post=30533"}],"version-history":[{"count":1,"href":"https:\/\/blogdodanielgalvao.com.br\/site\/wp-json\/wp\/v2\/posts\/30533\/revisions"}],"predecessor-version":[{"id":30535,"href":"https:\/\/blogdodanielgalvao.com.br\/site\/wp-json\/wp\/v2\/posts\/30533\/revisions\/30535"}],"wp:featuredmedia":[{"embeddable":true,"href":"https:\/\/blogdodanielgalvao.com.br\/site\/wp-json\/wp\/v2\/media\/30534"}],"wp:attachment":[{"href":"https:\/\/blogdodanielgalvao.com.br\/site\/wp-json\/wp\/v2\/media?parent=30533"}],"wp:term":[{"taxonomy":"category","embeddable":true,"href":"https:\/\/blogdodanielgalvao.com.br\/site\/wp-json\/wp\/v2\/categories?post=30533"},{"taxonomy":"post_tag","embeddable":true,"href":"https:\/\/blogdodanielgalvao.com.br\/site\/wp-json\/wp\/v2\/tags?post=30533"}],"curies":[{"name":"wp","href":"https:\/\/api.w.org\/{rel}","templated":true}]}}