{"id":30530,"date":"2026-02-27T16:46:45","date_gmt":"2026-02-27T19:46:45","guid":{"rendered":"https:\/\/blogdodanielgalvao.com.br\/site\/?p=30530"},"modified":"2026-02-27T16:47:09","modified_gmt":"2026-02-27T19:47:09","slug":"novos-complexos-educacionais-de-saquarema-tem-atualizacao-sobre-andamento-das-obras","status":"publish","type":"post","link":"https:\/\/blogdodanielgalvao.com.br\/site\/novos-complexos-educacionais-de-saquarema-tem-atualizacao-sobre-andamento-das-obras\/","title":{"rendered":"Novos complexos educacionais de Saquarema t\u00eam atualiza\u00e7\u00e3o sobre andamento das obras"},"content":{"rendered":"\n<p>A Prefeitura de Saquarema atualizou a situa\u00e7\u00e3o das obras de constru\u00e7\u00e3o de mais 5 complexos educacionais que est\u00e3o sendo erguidos no munic\u00edpio, nos bairros de Bonsucesso, Jacon\u00e9, Bicu\u00edba, Palmital e Rio de Areia.<\/p>\n\n\n\n<p>Segundo o munic\u00edpio, as obras est\u00e3o em fase estrutural e integram um projeto amplo, iniciado na atual gest\u00e3o e voltado para a amplia\u00e7\u00e3o da oferta de vagas e a moderniza\u00e7\u00e3o da infraestrutura educacional da cidade.<\/p>\n\n\n\n<p>Com o 1\u00ba complexo educacional entregue em 2025, no bairro Barreira, o projeto marca a implanta\u00e7\u00e3o do ensino em tempo integral na rede p\u00fablica municipal, com uma unidade capaz de atender at\u00e9 740 alunos por turno.<\/p>\n\n\n\n<p>Al\u00e9m disso, o complexo conta com uma estrutura composta por 14 salas de aula com 70 metros quadrados (m\u00b2) cada, duas salas multiuso, 4 salas para atividades diversificadas, al\u00e9m de espa\u00e7os espec\u00edficos para banda escolar e atendimento em emerg\u00eancias.<\/p>\n\n\n\n<p>\u201cAtualmente, cerca de 600 alunos j\u00e1 est\u00e3o matriculados na unidade, que representa um marco na educa\u00e7\u00e3o integral em Saquarema. O modelo amplia o tempo de perman\u00eancia dos estudantes na escola e contribui para o desenvolvimento pedag\u00f3gico, social e cultural\u201d, afirmou a prefeitura.<\/p>\n\n\n\n<p>De acordo com o munic\u00edpio, as obras de constru\u00e7\u00e3o dos novos 5 complexos refor\u00e7am o compromisso com a qualidade do ensino e com a amplia\u00e7\u00e3o do acesso \u00e0 educa\u00e7\u00e3o p\u00fablica de excel\u00eancia e melhores condi\u00e7\u00f5es de aprendizagem.<\/p>\n\n\n\n<p>\u201cJ\u00e1 realizamos toda a funda\u00e7\u00e3o com estacas profundas, etapa fundamental que garante a sustenta\u00e7\u00e3o dos pr\u00e9dios. Agora estamos na fase de estrutura e alvenaria, concretando pilares, vigas e lajes dos complexos que ocupam \u00e1rea total constru\u00edda de aproximadamente 35 mil metros quadrados (m\u00b2). A previs\u00e3o \u00e9 que as novas unidades sejam inauguradas em 2027\u201d, revelou a secret\u00e1ria de Obras P\u00fablicas, Priscilla Barroso.<\/p>\n","protected":false},"excerpt":{"rendered":"<p>A Prefeitura de Saquarema atualizou a situa\u00e7\u00e3o das obras de constru\u00e7\u00e3o de mais 5 complexos educacionais que est\u00e3o sendo erguidos no munic\u00edpio, nos bairros de Bonsucesso, Jacon\u00e9, Bicu\u00edba, Palmital e Rio de Areia. Segundo o munic\u00edpio, as obras est\u00e3o em fase estrutural e integram um projeto amplo, iniciado na atual gest\u00e3o e voltado para a [&hellip;]<\/p>\n","protected":false},"author":2,"featured_media":30531,"comment_status":"open","ping_status":"open","sticky":false,"template":"","format":"standard","meta":{"footnotes":""},"categories":[2982,1885],"tags":[],"class_list":["post-30530","post","type-post","status-publish","format-standard","has-post-thumbnail","hentry","category-destaque-noticia-4","category-saquarema"],"_links":{"self":[{"href":"https:\/\/blogdodanielgalvao.com.br\/site\/wp-json\/wp\/v2\/posts\/30530","targetHints":{"allow":["GET"]}}],"collection":[{"href":"https:\/\/blogdodanielgalvao.com.br\/site\/wp-json\/wp\/v2\/posts"}],"about":[{"href":"https:\/\/blogdodanielgalvao.com.br\/site\/wp-json\/wp\/v2\/types\/post"}],"author":[{"embeddable":true,"href":"https:\/\/blogdodanielgalvao.com.br\/site\/wp-json\/wp\/v2\/users\/2"}],"replies":[{"embeddable":true,"href":"https:\/\/blogdodanielgalvao.com.br\/site\/wp-json\/wp\/v2\/comments?post=30530"}],"version-history":[{"count":1,"href":"https:\/\/blogdodanielgalvao.com.br\/site\/wp-json\/wp\/v2\/posts\/30530\/revisions"}],"predecessor-version":[{"id":30532,"href":"https:\/\/blogdodanielgalvao.com.br\/site\/wp-json\/wp\/v2\/posts\/30530\/revisions\/30532"}],"wp:featuredmedia":[{"embeddable":true,"href":"https:\/\/blogdodanielgalvao.com.br\/site\/wp-json\/wp\/v2\/media\/30531"}],"wp:attachment":[{"href":"https:\/\/blogdodanielgalvao.com.br\/site\/wp-json\/wp\/v2\/media?parent=30530"}],"wp:term":[{"taxonomy":"category","embeddable":true,"href":"https:\/\/blogdodanielgalvao.com.br\/site\/wp-json\/wp\/v2\/categories?post=30530"},{"taxonomy":"post_tag","embeddable":true,"href":"https:\/\/blogdodanielgalvao.com.br\/site\/wp-json\/wp\/v2\/tags?post=30530"}],"curies":[{"name":"wp","href":"https:\/\/api.w.org\/{rel}","templated":true}]}}