{"id":30526,"date":"2026-02-27T13:40:12","date_gmt":"2026-02-27T16:40:12","guid":{"rendered":"https:\/\/blogdodanielgalvao.com.br\/site\/?p=30526"},"modified":"2026-02-27T13:40:17","modified_gmt":"2026-02-27T16:40:17","slug":"prefeitura-anuncia-suspensao-das-aulas-devido-a-previsao-de-chuvas-em-silva-jardim","status":"publish","type":"post","link":"https:\/\/blogdodanielgalvao.com.br\/site\/prefeitura-anuncia-suspensao-das-aulas-devido-a-previsao-de-chuvas-em-silva-jardim\/","title":{"rendered":"Prefeitura anuncia suspens\u00e3o das aulas devido \u00e0 previs\u00e3o de chuvas em Silva Jardim"},"content":{"rendered":"\n<p>A Prefeitura de Silva Jardim suspendeu as aulas da rede p\u00fablica municipal nessa sexta-feira, 27, em raz\u00e3o das fortes chuvas que caem na cidade e na regi\u00e3o, com objetivo de garantir a seguran\u00e7a de alunos, professores e servidores.<\/p>\n\n\n\n<p>De acordo com a Secretaria de Defesa Civil, o munic\u00edpio se encontra em estado de alerta \u201cN\u00edvel 4\u201d, com previs\u00e3o de mais chuvas com intensidade alta ao longo de todo o dia, com risco elevado de alagamentos e transtornos.<\/p>\n\n\n\n<p>\u201cOrientamos a popula\u00e7\u00e3o a evitar \u00e1reas de risco, n\u00e3o atravessar locais alagados e suspender deslocamentos desnecess\u00e1rios. Refor\u00e7amos a import\u00e2ncia de acompanhar as atualiza\u00e7\u00f5es pelos canais oficiais e seguir todas as orienta\u00e7\u00f5es dos \u00f3rg\u00e3os competentes. Em caso de emerg\u00eancia, acione a Defesa Civil pelo telefone (22) 2668-7437. A seguran\u00e7a de todos depende da preven\u00e7\u00e3o e da colabora\u00e7\u00e3o da popula\u00e7\u00e3o\u201d, divulgou o \u00f3rg\u00e3o, na manh\u00e3 dessa sexta.<\/p>\n\n\n\n<p>A Defesa Civil de Silva Jardim lembra ainda que, al\u00e9m de ruas alagadas, a popula\u00e7\u00e3o deve evitar \u00e1reas consideradas vulner\u00e1veis, como encostas e regi\u00f5es pr\u00f3ximas a rios, que podem apresentar alagamentos e riscos \u00e0 seguran\u00e7a.<\/p>\n\n\n\n<p>\u201cO Prefeitura de Silva Jardim informa que h\u00e1 previs\u00e3o de chuva moderada a forte nas pr\u00f3ximas horas, em todo o munic\u00edpio. Orientamos a popula\u00e7\u00e3o a evitar \u00e1reas de risco, manter-se atenta \u00e0s orienta\u00e7\u00f5es da Defesa Civil e acompanhar as atualiza\u00e7\u00f5es pelos canais oficiais da prefeitura. Em caso de emerg\u00eancia, procure abrigo seguro e acione os \u00f3rg\u00e3os competentes. A preven\u00e7\u00e3o e a informa\u00e7\u00e3o s\u00e3o fundamentais para a seguran\u00e7a de todos\u201d, completou o munic\u00edpio, em nota publicada nas redes sociais.<\/p>\n","protected":false},"excerpt":{"rendered":"<p>A Prefeitura de Silva Jardim suspendeu as aulas da rede p\u00fablica municipal nessa sexta-feira, 27, em raz\u00e3o das fortes chuvas que caem na cidade e na regi\u00e3o, com objetivo de garantir a seguran\u00e7a de alunos, professores e servidores. De acordo com a Secretaria de Defesa Civil, o munic\u00edpio se encontra em estado de alerta \u201cN\u00edvel [&hellip;]<\/p>\n","protected":false},"author":2,"featured_media":30527,"comment_status":"open","ping_status":"open","sticky":false,"template":"","format":"standard","meta":{"footnotes":""},"categories":[2980,1890],"tags":[],"class_list":["post-30526","post","type-post","status-publish","format-standard","has-post-thumbnail","hentry","category-destaque-noticia-2","category-silva-jardim"],"_links":{"self":[{"href":"https:\/\/blogdodanielgalvao.com.br\/site\/wp-json\/wp\/v2\/posts\/30526","targetHints":{"allow":["GET"]}}],"collection":[{"href":"https:\/\/blogdodanielgalvao.com.br\/site\/wp-json\/wp\/v2\/posts"}],"about":[{"href":"https:\/\/blogdodanielgalvao.com.br\/site\/wp-json\/wp\/v2\/types\/post"}],"author":[{"embeddable":true,"href":"https:\/\/blogdodanielgalvao.com.br\/site\/wp-json\/wp\/v2\/users\/2"}],"replies":[{"embeddable":true,"href":"https:\/\/blogdodanielgalvao.com.br\/site\/wp-json\/wp\/v2\/comments?post=30526"}],"version-history":[{"count":1,"href":"https:\/\/blogdodanielgalvao.com.br\/site\/wp-json\/wp\/v2\/posts\/30526\/revisions"}],"predecessor-version":[{"id":30528,"href":"https:\/\/blogdodanielgalvao.com.br\/site\/wp-json\/wp\/v2\/posts\/30526\/revisions\/30528"}],"wp:featuredmedia":[{"embeddable":true,"href":"https:\/\/blogdodanielgalvao.com.br\/site\/wp-json\/wp\/v2\/media\/30527"}],"wp:attachment":[{"href":"https:\/\/blogdodanielgalvao.com.br\/site\/wp-json\/wp\/v2\/media?parent=30526"}],"wp:term":[{"taxonomy":"category","embeddable":true,"href":"https:\/\/blogdodanielgalvao.com.br\/site\/wp-json\/wp\/v2\/categories?post=30526"},{"taxonomy":"post_tag","embeddable":true,"href":"https:\/\/blogdodanielgalvao.com.br\/site\/wp-json\/wp\/v2\/tags?post=30526"}],"curies":[{"name":"wp","href":"https:\/\/api.w.org\/{rel}","templated":true}]}}