{"id":30523,"date":"2026-02-27T13:29:30","date_gmt":"2026-02-27T16:29:30","guid":{"rendered":"https:\/\/blogdodanielgalvao.com.br\/site\/?p=30523"},"modified":"2026-02-27T13:29:35","modified_gmt":"2026-02-27T16:29:35","slug":"temporal-em-cabo-frio-provoca-desabamento-no-restaurante-hilda-e-deixa-feridos","status":"publish","type":"post","link":"https:\/\/blogdodanielgalvao.com.br\/site\/temporal-em-cabo-frio-provoca-desabamento-no-restaurante-hilda-e-deixa-feridos\/","title":{"rendered":"Temporal em Cabo Frio provoca desabamento no Restaurante Hilda e deixa feridos"},"content":{"rendered":"\n<p>As chuvas intensas que atingem Cabo Frio desde a noite de quinta-feira (26) provocaram alagamentos em v\u00e1rios pontos da cidade, comprometendo o tr\u00e2nsito e alterando a rotina de moradores e comerciantes. Diante do cen\u00e1rio de instabilidade, a Defesa Civil refor\u00e7a a orienta\u00e7\u00e3o para que a popula\u00e7\u00e3o evite \u00e1reas inundadas e edifica\u00e7\u00f5es com risco estrutural.<\/p>\n\n\n\n<p>Em meio ao temporal, parte da cobertura do Restaurante Hilda desabou na manh\u00e3 desta sexta-feira (27), deixando duas pessoas feridas e mobilizando equipes de emerg\u00eancia.<\/p>\n\n\n\n<p>Uma mulher de 24 anos permanece no local com as pernas presas sob os destro\u00e7os. O Corpo de Bombeiros atua na opera\u00e7\u00e3o de retirada com cautela para garantir a seguran\u00e7a da v\u00edtima, que, segundo informa\u00e7\u00f5es preliminares, \u00e9 m\u00e3e de uma crian\u00e7a de um ano.<\/p>\n\n\n\n<p>Antes disso, um jovem de aproximadamente 18 anos foi retirado dos escombros. Ele apresentava ferimento no rosto e suspeita de fratura nasal, sendo encaminhado para avalia\u00e7\u00e3o m\u00e9dica.<\/p>\n\n\n\n<p>As circunst\u00e2ncias que levaram ao desabamento ainda ser\u00e3o investigadas pelas autoridades respons\u00e1veis. Novos boletins devem ser divulgados \u00e0 medida que o resgate for conclu\u00eddo e houver atualiza\u00e7\u00e3o sobre o estado de sa\u00fade das v\u00edtimas.&nbsp;&nbsp;&nbsp;&nbsp;&nbsp;<\/p>\n","protected":false},"excerpt":{"rendered":"<p>As chuvas intensas que atingem Cabo Frio desde a noite de quinta-feira (26) provocaram alagamentos em v\u00e1rios pontos da cidade, comprometendo o tr\u00e2nsito e alterando a rotina de moradores e comerciantes. Diante do cen\u00e1rio de instabilidade, a Defesa Civil refor\u00e7a a orienta\u00e7\u00e3o para que a popula\u00e7\u00e3o evite \u00e1reas inundadas e edifica\u00e7\u00f5es com risco estrutural. Em [&hellip;]<\/p>\n","protected":false},"author":2,"featured_media":30524,"comment_status":"open","ping_status":"open","sticky":false,"template":"","format":"standard","meta":{"footnotes":""},"categories":[340,2983],"tags":[],"class_list":["post-30523","post","type-post","status-publish","format-standard","has-post-thumbnail","hentry","category-cabo-frio","category-destaque-noticia-5"],"_links":{"self":[{"href":"https:\/\/blogdodanielgalvao.com.br\/site\/wp-json\/wp\/v2\/posts\/30523","targetHints":{"allow":["GET"]}}],"collection":[{"href":"https:\/\/blogdodanielgalvao.com.br\/site\/wp-json\/wp\/v2\/posts"}],"about":[{"href":"https:\/\/blogdodanielgalvao.com.br\/site\/wp-json\/wp\/v2\/types\/post"}],"author":[{"embeddable":true,"href":"https:\/\/blogdodanielgalvao.com.br\/site\/wp-json\/wp\/v2\/users\/2"}],"replies":[{"embeddable":true,"href":"https:\/\/blogdodanielgalvao.com.br\/site\/wp-json\/wp\/v2\/comments?post=30523"}],"version-history":[{"count":1,"href":"https:\/\/blogdodanielgalvao.com.br\/site\/wp-json\/wp\/v2\/posts\/30523\/revisions"}],"predecessor-version":[{"id":30525,"href":"https:\/\/blogdodanielgalvao.com.br\/site\/wp-json\/wp\/v2\/posts\/30523\/revisions\/30525"}],"wp:featuredmedia":[{"embeddable":true,"href":"https:\/\/blogdodanielgalvao.com.br\/site\/wp-json\/wp\/v2\/media\/30524"}],"wp:attachment":[{"href":"https:\/\/blogdodanielgalvao.com.br\/site\/wp-json\/wp\/v2\/media?parent=30523"}],"wp:term":[{"taxonomy":"category","embeddable":true,"href":"https:\/\/blogdodanielgalvao.com.br\/site\/wp-json\/wp\/v2\/categories?post=30523"},{"taxonomy":"post_tag","embeddable":true,"href":"https:\/\/blogdodanielgalvao.com.br\/site\/wp-json\/wp\/v2\/tags?post=30523"}],"curies":[{"name":"wp","href":"https:\/\/api.w.org\/{rel}","templated":true}]}}