{"id":30520,"date":"2026-02-27T13:25:33","date_gmt":"2026-02-27T16:25:33","guid":{"rendered":"https:\/\/blogdodanielgalvao.com.br\/site\/?p=30520"},"modified":"2026-02-27T13:25:48","modified_gmt":"2026-02-27T16:25:48","slug":"cabo-frio-suspende-aulas-em-toda-a-rede-municipal-apos-agravamento-das-chuvas","status":"publish","type":"post","link":"https:\/\/blogdodanielgalvao.com.br\/site\/cabo-frio-suspende-aulas-em-toda-a-rede-municipal-apos-agravamento-das-chuvas\/","title":{"rendered":"Cabo Frio suspende aulas em toda a rede municipal ap\u00f3s agravamento das chuvas"},"content":{"rendered":"\n<p>A Prefeitura de Cabo Frio comunicou, por meio da Secretaria de Educa\u00e7\u00e3o, que as aulas da rede p\u00fablica municipal est\u00e3o suspensas nesta sexta-feira (27). A medida foi ampliada para todas as unidades de ensino ap\u00f3s a intensifica\u00e7\u00e3o das chuvas nas \u00faltimas horas, seguindo recomenda\u00e7\u00e3o da Defesa Civil.<\/p>\n\n\n\n<p>A decis\u00e3o tem car\u00e1ter preventivo e busca preservar a integridade de estudantes, respons\u00e1veis e profissionais da educa\u00e7\u00e3o. As turmas foram liberadas com acompanhamento das equipes gestoras, garantindo organiza\u00e7\u00e3o e seguran\u00e7a no momento da sa\u00edda.<\/p>\n\n\n\n<p>A Secretaria de Educa\u00e7\u00e3o informou que segue monitorando o cen\u00e1rio clim\u00e1tico em conjunto com os \u00f3rg\u00e3os respons\u00e1veis e mant\u00e9m suas equipes mobilizadas para oferecer suporte \u00e0 comunidade escolar enquanto persistirem as instabilidades.<\/p>\n\n\n\n<p>Na \u00e1rea da sa\u00fade, a Secretaria de Sa\u00fade de Cabo Frio tamb\u00e9m anunciou a interrup\u00e7\u00e3o dos atendimentos nesta sexta-feira (27) em todas as unidades ambulatoriais do munic\u00edpio, incluindo Estrat\u00e9gias de Sa\u00fade da Fam\u00edlia e Unidades B\u00e1sicas de Sa\u00fade. A suspens\u00e3o ocorre por precau\u00e7\u00e3o, diante do elevado \u00edndice pluviom\u00e9trico registrado.<\/p>\n\n\n\n<p>Est\u00e3o igualmente paralisados os atendimentos nos ambulat\u00f3rios do PAM e do Hospital Municipal Otime Cardoso dos Santos. As consultas previamente agendadas ser\u00e3o reagendadas. Em Tamoios, o CEAD funcionar\u00e1 apenas at\u00e9 as 14h.<\/p>\n\n\n\n<p>Os procedimentos de hemodi\u00e1lise realizados em munic\u00edpios vizinhos, como Arma\u00e7\u00e3o dos B\u00fazios, tamb\u00e9m ser\u00e3o remarcados. Permanecem em funcionamento apenas os servi\u00e7os considerados emergenciais, assegurando assist\u00eancia aos casos de urg\u00eancia.&nbsp;&nbsp;&nbsp;&nbsp;<\/p>\n","protected":false},"excerpt":{"rendered":"<p>A Prefeitura de Cabo Frio comunicou, por meio da Secretaria de Educa\u00e7\u00e3o, que as aulas da rede p\u00fablica municipal est\u00e3o suspensas nesta sexta-feira (27). A medida foi ampliada para todas as unidades de ensino ap\u00f3s a intensifica\u00e7\u00e3o das chuvas nas \u00faltimas horas, seguindo recomenda\u00e7\u00e3o da Defesa Civil. A decis\u00e3o tem car\u00e1ter preventivo e busca preservar [&hellip;]<\/p>\n","protected":false},"author":2,"featured_media":30521,"comment_status":"open","ping_status":"open","sticky":false,"template":"","format":"standard","meta":{"footnotes":""},"categories":[340,2978],"tags":[],"class_list":["post-30520","post","type-post","status-publish","format-standard","has-post-thumbnail","hentry","category-cabo-frio","category-destaques-topo"],"_links":{"self":[{"href":"https:\/\/blogdodanielgalvao.com.br\/site\/wp-json\/wp\/v2\/posts\/30520","targetHints":{"allow":["GET"]}}],"collection":[{"href":"https:\/\/blogdodanielgalvao.com.br\/site\/wp-json\/wp\/v2\/posts"}],"about":[{"href":"https:\/\/blogdodanielgalvao.com.br\/site\/wp-json\/wp\/v2\/types\/post"}],"author":[{"embeddable":true,"href":"https:\/\/blogdodanielgalvao.com.br\/site\/wp-json\/wp\/v2\/users\/2"}],"replies":[{"embeddable":true,"href":"https:\/\/blogdodanielgalvao.com.br\/site\/wp-json\/wp\/v2\/comments?post=30520"}],"version-history":[{"count":1,"href":"https:\/\/blogdodanielgalvao.com.br\/site\/wp-json\/wp\/v2\/posts\/30520\/revisions"}],"predecessor-version":[{"id":30522,"href":"https:\/\/blogdodanielgalvao.com.br\/site\/wp-json\/wp\/v2\/posts\/30520\/revisions\/30522"}],"wp:featuredmedia":[{"embeddable":true,"href":"https:\/\/blogdodanielgalvao.com.br\/site\/wp-json\/wp\/v2\/media\/30521"}],"wp:attachment":[{"href":"https:\/\/blogdodanielgalvao.com.br\/site\/wp-json\/wp\/v2\/media?parent=30520"}],"wp:term":[{"taxonomy":"category","embeddable":true,"href":"https:\/\/blogdodanielgalvao.com.br\/site\/wp-json\/wp\/v2\/categories?post=30520"},{"taxonomy":"post_tag","embeddable":true,"href":"https:\/\/blogdodanielgalvao.com.br\/site\/wp-json\/wp\/v2\/tags?post=30520"}],"curies":[{"name":"wp","href":"https:\/\/api.w.org\/{rel}","templated":true}]}}