{"id":30514,"date":"2026-02-27T12:54:42","date_gmt":"2026-02-27T15:54:42","guid":{"rendered":"https:\/\/blogdodanielgalvao.com.br\/site\/?p=30514"},"modified":"2026-02-27T12:54:47","modified_gmt":"2026-02-27T15:54:47","slug":"macae-segue-em-estado-de-alerta-devido-as-fortes-chuvas","status":"publish","type":"post","link":"https:\/\/blogdodanielgalvao.com.br\/site\/macae-segue-em-estado-de-alerta-devido-as-fortes-chuvas\/","title":{"rendered":"Maca\u00e9 segue em estado de alerta devido as fortes chuvas"},"content":{"rendered":"\n<p>Maca\u00e9 segue em estado de alerta devido \u00e0s fortes chuvas. Nos \u00faltimos dias, o munic\u00edpio sofreu bastante com as condi\u00e7\u00f5es clim\u00e1ticas, o que fez com que a Secretaria Executiva de Defesa Civil se mobilizasse em diversas frentes para auxiliar \u00e0 popula\u00e7\u00e3o do munic\u00edpio. A pasta emitiu um boletim na manh\u00e3 desta sexta-feira (27), atualizando as informa\u00e7\u00f5es e mantendo o alerta.<\/p>\n\n\n\n<p>A pasta esclarece que a forma\u00e7\u00e3o de um sistema de baixa press\u00e3o pr\u00f3ximo \u00e0 costa do Estado do Rio de Janeiro mant\u00e9m o tempo inst\u00e1vel. Existe ainda a previs\u00e3o de pancadas de chuva moderada a ocasionalmente forte, acompanhadas de descargas el\u00e9tricas e rajadas de vento.<br>A Regi\u00e3o Sudeste e Maca\u00e9 est\u00e3o inclu\u00eddos em um aviso emitido pelo Instituto Nacional de Metereologia (INMET), que aponta para a possibilidade de chuva superior a 60 mm\/h ou acumulados acima de 100 mm\/dia.<\/p>\n\n\n\n<p>De acordo com a Defesa Civil, Maca\u00e9 registrou nas \u00faltimas 24 horas um grande volume de chuva. A regi\u00e3o mais castigada foi Cabi\u00fanas, com 180,5 mm. Na sequ\u00eancia vieram a Cidade Universit\u00e1ria (142,4 mm), Horto (130,8 mm) e Severina (126,6 mm). No acumulado de 96 horas, Trapiche lidera com 338,5 mm, seguido pelo Sana (299,4 mm) e Frade (299,2 mm).<\/p>\n\n\n\n<p>As chuvas ocasionaram diversas ocorr\u00eancias no munic\u00edpio. Em uma delas, alunos da uma escola no Novo Horizonte precisaram de remo\u00e7\u00e3o com o aux\u00edlio da Defesa Civil. Tamb\u00e9m foram registrados alagamentos em bairros como Aroeira, Nova Malvinas e C\u00f3rrego do Ouro. H\u00e1 registros tamb\u00e9m de quedas de \u00e1rvores, infiltra\u00e7\u00f5es, deslizamento de terra em Bicuda Pequena e Trap\u00f3leo, al\u00e9m de risco de deslizamento em \u00e1reas como Bela Vista e C\u00f3rrego do Ouro.<\/p>\n\n\n\n<p>Tamb\u00e9m foram registrados nove desabrigados e 16 desalojados. N\u00e3o houve registro de feridos ou mortes. H\u00e1 ainda diversos pontos de alagamento na cidade, incluindo Cidade Universit\u00e1ria, Lagoa, Centro, Sol e Mar e Cajueiros.<\/p>\n","protected":false},"excerpt":{"rendered":"<p>Maca\u00e9 segue em estado de alerta devido \u00e0s fortes chuvas. Nos \u00faltimos dias, o munic\u00edpio sofreu bastante com as condi\u00e7\u00f5es clim\u00e1ticas, o que fez com que a Secretaria Executiva de Defesa Civil se mobilizasse em diversas frentes para auxiliar \u00e0 popula\u00e7\u00e3o do munic\u00edpio. A pasta emitiu um boletim na manh\u00e3 desta sexta-feira (27), atualizando as [&hellip;]<\/p>\n","protected":false},"author":2,"featured_media":30515,"comment_status":"open","ping_status":"open","sticky":false,"template":"","format":"standard","meta":{"footnotes":""},"categories":[2978,2],"tags":[],"class_list":["post-30514","post","type-post","status-publish","format-standard","has-post-thumbnail","hentry","category-destaques-topo","category-macae"],"_links":{"self":[{"href":"https:\/\/blogdodanielgalvao.com.br\/site\/wp-json\/wp\/v2\/posts\/30514","targetHints":{"allow":["GET"]}}],"collection":[{"href":"https:\/\/blogdodanielgalvao.com.br\/site\/wp-json\/wp\/v2\/posts"}],"about":[{"href":"https:\/\/blogdodanielgalvao.com.br\/site\/wp-json\/wp\/v2\/types\/post"}],"author":[{"embeddable":true,"href":"https:\/\/blogdodanielgalvao.com.br\/site\/wp-json\/wp\/v2\/users\/2"}],"replies":[{"embeddable":true,"href":"https:\/\/blogdodanielgalvao.com.br\/site\/wp-json\/wp\/v2\/comments?post=30514"}],"version-history":[{"count":1,"href":"https:\/\/blogdodanielgalvao.com.br\/site\/wp-json\/wp\/v2\/posts\/30514\/revisions"}],"predecessor-version":[{"id":30516,"href":"https:\/\/blogdodanielgalvao.com.br\/site\/wp-json\/wp\/v2\/posts\/30514\/revisions\/30516"}],"wp:featuredmedia":[{"embeddable":true,"href":"https:\/\/blogdodanielgalvao.com.br\/site\/wp-json\/wp\/v2\/media\/30515"}],"wp:attachment":[{"href":"https:\/\/blogdodanielgalvao.com.br\/site\/wp-json\/wp\/v2\/media?parent=30514"}],"wp:term":[{"taxonomy":"category","embeddable":true,"href":"https:\/\/blogdodanielgalvao.com.br\/site\/wp-json\/wp\/v2\/categories?post=30514"},{"taxonomy":"post_tag","embeddable":true,"href":"https:\/\/blogdodanielgalvao.com.br\/site\/wp-json\/wp\/v2\/tags?post=30514"}],"curies":[{"name":"wp","href":"https:\/\/api.w.org\/{rel}","templated":true}]}}