{"id":30511,"date":"2026-02-27T12:31:52","date_gmt":"2026-02-27T15:31:52","guid":{"rendered":"https:\/\/blogdodanielgalvao.com.br\/site\/?p=30511"},"modified":"2026-02-27T12:31:56","modified_gmt":"2026-02-27T15:31:56","slug":"escolas-precisam-ser-evacuadas-depois-de-temporal-que-caiu-em-rio-das-ostras","status":"publish","type":"post","link":"https:\/\/blogdodanielgalvao.com.br\/site\/escolas-precisam-ser-evacuadas-depois-de-temporal-que-caiu-em-rio-das-ostras\/","title":{"rendered":"Escolas precisam ser evacuadas depois de temporal que caiu em Rio das Ostras"},"content":{"rendered":"\n<p>O temporal que atingiu Rio das Ostras e regi\u00e3o na tarde dessa quinta-feira, 26, que teria registrado um acumulado de 140 mil\u00edmetros (mm) de chuvas em apenas uma hora, deixou at\u00e9 mesmo escolas alagadas.<\/p>\n\n\n\n<p>Em v\u00eddeo publicado nas redes sociais, \u00e9 poss\u00edvel ver a situa\u00e7\u00e3o assustadora da Escola Municipal Maria da Penha de Oliveira, no Palmital, onde as crian\u00e7as tiveram que ser colocadas sobre as mesas do refeit\u00f3rio para escapar das \u00e1guas.<\/p>\n\n\n\n<p>Nas imagens, uma mulher aparece com \u00e1guas at\u00e9 os olhos mesmo em cima de um lugar alto, enquanto filma a situa\u00e7\u00e3o da escola, que teria se repetido em pelo menos outras duas unidades da rede municipal de ensino.<\/p>\n\n\n\n<p>Por conta dos transtornos causados pela chuva forte, a prefeitura suspendeu as aulas da rede p\u00fablica municipal nesta sexta-feira, 27, e informou que a medida tem como objetivo garantir a seguran\u00e7a dos alunos, professores e de toda a comunidade escolar.<\/p>\n","protected":false},"excerpt":{"rendered":"<p>O temporal que atingiu Rio das Ostras e regi\u00e3o na tarde dessa quinta-feira, 26, que teria registrado um acumulado de 140 mil\u00edmetros (mm) de chuvas em apenas uma hora, deixou at\u00e9 mesmo escolas alagadas. Em v\u00eddeo publicado nas redes sociais, \u00e9 poss\u00edvel ver a situa\u00e7\u00e3o assustadora da Escola Municipal Maria da Penha de Oliveira, no [&hellip;]<\/p>\n","protected":false},"author":2,"featured_media":30512,"comment_status":"open","ping_status":"open","sticky":false,"template":"","format":"standard","meta":{"footnotes":""},"categories":[2978,4],"tags":[],"class_list":["post-30511","post","type-post","status-publish","format-standard","has-post-thumbnail","hentry","category-destaques-topo","category-rio-das-ostras"],"_links":{"self":[{"href":"https:\/\/blogdodanielgalvao.com.br\/site\/wp-json\/wp\/v2\/posts\/30511","targetHints":{"allow":["GET"]}}],"collection":[{"href":"https:\/\/blogdodanielgalvao.com.br\/site\/wp-json\/wp\/v2\/posts"}],"about":[{"href":"https:\/\/blogdodanielgalvao.com.br\/site\/wp-json\/wp\/v2\/types\/post"}],"author":[{"embeddable":true,"href":"https:\/\/blogdodanielgalvao.com.br\/site\/wp-json\/wp\/v2\/users\/2"}],"replies":[{"embeddable":true,"href":"https:\/\/blogdodanielgalvao.com.br\/site\/wp-json\/wp\/v2\/comments?post=30511"}],"version-history":[{"count":1,"href":"https:\/\/blogdodanielgalvao.com.br\/site\/wp-json\/wp\/v2\/posts\/30511\/revisions"}],"predecessor-version":[{"id":30513,"href":"https:\/\/blogdodanielgalvao.com.br\/site\/wp-json\/wp\/v2\/posts\/30511\/revisions\/30513"}],"wp:featuredmedia":[{"embeddable":true,"href":"https:\/\/blogdodanielgalvao.com.br\/site\/wp-json\/wp\/v2\/media\/30512"}],"wp:attachment":[{"href":"https:\/\/blogdodanielgalvao.com.br\/site\/wp-json\/wp\/v2\/media?parent=30511"}],"wp:term":[{"taxonomy":"category","embeddable":true,"href":"https:\/\/blogdodanielgalvao.com.br\/site\/wp-json\/wp\/v2\/categories?post=30511"},{"taxonomy":"post_tag","embeddable":true,"href":"https:\/\/blogdodanielgalvao.com.br\/site\/wp-json\/wp\/v2\/tags?post=30511"}],"curies":[{"name":"wp","href":"https:\/\/api.w.org\/{rel}","templated":true}]}}