{"id":30508,"date":"2026-02-27T12:12:59","date_gmt":"2026-02-27T15:12:59","guid":{"rendered":"https:\/\/blogdodanielgalvao.com.br\/site\/?p=30508"},"modified":"2026-02-27T12:13:04","modified_gmt":"2026-02-27T15:13:04","slug":"prefeitura-de-macae-garante-agua-potavel-na-regiao-serrana-com-caminhao-pipa","status":"publish","type":"post","link":"https:\/\/blogdodanielgalvao.com.br\/site\/prefeitura-de-macae-garante-agua-potavel-na-regiao-serrana-com-caminhao-pipa\/","title":{"rendered":"Prefeitura de Maca\u00e9 garante \u00e1gua pot\u00e1vel na regi\u00e3o serrana com caminh\u00e3o-pipa"},"content":{"rendered":"\n<p>A regi\u00e3o serrana de Maca\u00e9 segue sofrendo com as fortes chuvas. Por conta das condi\u00e7\u00f5es clim\u00e1ticas, o abastecimento de \u00e1gua foi interrompido devido a dificuldade de equipes t\u00e9cnicas chegarem \u00e0s capta\u00e7\u00f5es e \u00e0 rede de tubula\u00e7\u00e3o respons\u00e1vel pelo fornecimento. Diante deste cen\u00e1rio, o poder p\u00fablico de Maca\u00e9 se mobilizou e providenciou a contrata\u00e7\u00e3o de um caminh\u00e3o-pipa com o objetivo de atender \u00e0s necessidades dos moradores da regi\u00e3o.<\/p>\n\n\n\n<p>De acordo com a Secretaria Executiva de Saneamento, vinculada \u00e0 Secretaria Municipal de Infraestrutura, neste momento n\u00e3o h\u00e1 condi\u00e7\u00f5es seguras para a realiza\u00e7\u00e3o dos reparos necess\u00e1rios para a normaliza\u00e7\u00e3o do sistema. Sendo assim, a pasta uniu esfor\u00e7os com a Secretaria Municipal de Administra\u00e7\u00e3o para enviar um caminh\u00e3o com grande quantidade de \u00e1gua pot\u00e1vel e mineral para suprir as necessidades emergenciais da popula\u00e7\u00e3o.<\/p>\n\n\n\n<p>A Defesa Civil e outras secretarias municipais seguem mobilizadas e atuando juntas em uma for\u00e7a-tarefa com o objetivo de auxiliar a popula\u00e7\u00e3o da regi\u00e3o serrana. Atualiza\u00e7\u00f5es est\u00e3o sendo publicadas nas redes sociais e canais oficiais da Prefeitura.<\/p>\n","protected":false},"excerpt":{"rendered":"<p>A regi\u00e3o serrana de Maca\u00e9 segue sofrendo com as fortes chuvas. Por conta das condi\u00e7\u00f5es clim\u00e1ticas, o abastecimento de \u00e1gua foi interrompido devido a dificuldade de equipes t\u00e9cnicas chegarem \u00e0s capta\u00e7\u00f5es e \u00e0 rede de tubula\u00e7\u00e3o respons\u00e1vel pelo fornecimento. Diante deste cen\u00e1rio, o poder p\u00fablico de Maca\u00e9 se mobilizou e providenciou a contrata\u00e7\u00e3o de um [&hellip;]<\/p>\n","protected":false},"author":2,"featured_media":30509,"comment_status":"open","ping_status":"open","sticky":false,"template":"","format":"standard","meta":{"footnotes":""},"categories":[2978,2],"tags":[],"class_list":["post-30508","post","type-post","status-publish","format-standard","has-post-thumbnail","hentry","category-destaques-topo","category-macae"],"_links":{"self":[{"href":"https:\/\/blogdodanielgalvao.com.br\/site\/wp-json\/wp\/v2\/posts\/30508","targetHints":{"allow":["GET"]}}],"collection":[{"href":"https:\/\/blogdodanielgalvao.com.br\/site\/wp-json\/wp\/v2\/posts"}],"about":[{"href":"https:\/\/blogdodanielgalvao.com.br\/site\/wp-json\/wp\/v2\/types\/post"}],"author":[{"embeddable":true,"href":"https:\/\/blogdodanielgalvao.com.br\/site\/wp-json\/wp\/v2\/users\/2"}],"replies":[{"embeddable":true,"href":"https:\/\/blogdodanielgalvao.com.br\/site\/wp-json\/wp\/v2\/comments?post=30508"}],"version-history":[{"count":1,"href":"https:\/\/blogdodanielgalvao.com.br\/site\/wp-json\/wp\/v2\/posts\/30508\/revisions"}],"predecessor-version":[{"id":30510,"href":"https:\/\/blogdodanielgalvao.com.br\/site\/wp-json\/wp\/v2\/posts\/30508\/revisions\/30510"}],"wp:featuredmedia":[{"embeddable":true,"href":"https:\/\/blogdodanielgalvao.com.br\/site\/wp-json\/wp\/v2\/media\/30509"}],"wp:attachment":[{"href":"https:\/\/blogdodanielgalvao.com.br\/site\/wp-json\/wp\/v2\/media?parent=30508"}],"wp:term":[{"taxonomy":"category","embeddable":true,"href":"https:\/\/blogdodanielgalvao.com.br\/site\/wp-json\/wp\/v2\/categories?post=30508"},{"taxonomy":"post_tag","embeddable":true,"href":"https:\/\/blogdodanielgalvao.com.br\/site\/wp-json\/wp\/v2\/tags?post=30508"}],"curies":[{"name":"wp","href":"https:\/\/api.w.org\/{rel}","templated":true}]}}