{"id":30505,"date":"2026-02-27T12:01:51","date_gmt":"2026-02-27T15:01:51","guid":{"rendered":"https:\/\/blogdodanielgalvao.com.br\/site\/?p=30505"},"modified":"2026-02-27T12:01:58","modified_gmt":"2026-02-27T15:01:58","slug":"rio-das-ostras-volta-a-estado-de-alerta-com-equipes-nas-ruas-apos-temporal","status":"publish","type":"post","link":"https:\/\/blogdodanielgalvao.com.br\/site\/rio-das-ostras-volta-a-estado-de-alerta-com-equipes-nas-ruas-apos-temporal\/","title":{"rendered":"Rio das Ostras volta a estado de alerta com equipes nas ruas ap\u00f3s temporal"},"content":{"rendered":"\n<p>A Prefeitura de Rio das Ostras segue nas ruas trabalhando para tentar minimizar os impactos do novo temporal que atingiu a cidade desde essa quinta-feira, 26, trazendo diversos pontos de alagamentos em v\u00e1rios bairros da cidade.<\/p>\n\n\n\n<p>De acordo com o munic\u00edpio, equipes da Coordenadoria de Defesa Civil, e das secretarias de Servi\u00e7os P\u00fablicos, de Meio Ambiente, e de Seguran\u00e7a P\u00fablica est\u00e3o nas ruas trabalhando por toda a cidade em diversas ocorr\u00eancias.<\/p>\n\n\n\n<p>Em publica\u00e7\u00e3o nas redes sociais, ainda na madrugada dessa quinta para sexta-feira, o prefeito Carlos Augusto (PL), refor\u00e7ou o trabalho que vem sendo realizado pelas equipes do munic\u00edpio, de maneira ininterrupta, e com foco nas \u00e1reas mais afetadas.<\/p>\n\n\n\n<p>\u201cDesde o in\u00edcio, as equipes est\u00e3o nas ruas sem parar. Vamos virar a madrugada trabalhando, atendendo emerg\u00eancias, monitorando pontos de risco e prestando ajuda a quem precisa. M\u00e1quinas, viaturas, ferramentas e profissionais seguem mobilizados, fazendo todo o poss\u00edvel para proteger vidas e diminuir os impactos. Esse \u00e9 um momento de cuidado e uni\u00e3o. Se puder, evite sair de casa, n\u00e3o atravesse \u00e1reas alagadas e procure permanecer em local seguro\u201d, escreveu Carlos Augusto.<\/p>\n\n\n\n<p>Segundo o munic\u00edpio, o volume de \u00e1guas foi t\u00e3o grande que somou 140 mil\u00edmetros (mm) em apenas uma hora de chuva, alagando diversos bairros, ruas, casas, e at\u00e9 mesmo unidades p\u00fablicas, como escolas e outros locais.<\/p>\n\n\n\n<p>\u201cA chuva que caiu nas \u00faltimas horas foi sem precedentes e acabou impactando milhares de moradores da nossa cidade. Em caso de emerg\u00eancia, a Defesa Civil pode ser acionada pelo telefone 199. Seguimos juntos, com presen\u00e7a, responsabilidade e cuidado com cada morador\u201d, completou Carlos Augusto.<\/p>\n\n\n\n<p>Al\u00e9m da Defesa Civil, que funciona 24 horas por dia, com contato tamb\u00e9m via mensagens de WhatpApp, pelo telefone (22) 2760-8394, em caso de emerg\u00eancia, a popula\u00e7\u00e3o pode acionar o Resgate ou o Servi\u00e7o de Atendimento M\u00f3vel de Urg\u00eancia (SAMU) pelo 192, ou Corpo de Bombeiros pelo 193.<\/p>\n","protected":false},"excerpt":{"rendered":"<p>A Prefeitura de Rio das Ostras segue nas ruas trabalhando para tentar minimizar os impactos do novo temporal que atingiu a cidade desde essa quinta-feira, 26, trazendo diversos pontos de alagamentos em v\u00e1rios bairros da cidade. De acordo com o munic\u00edpio, equipes da Coordenadoria de Defesa Civil, e das secretarias de Servi\u00e7os P\u00fablicos, de Meio [&hellip;]<\/p>\n","protected":false},"author":2,"featured_media":30506,"comment_status":"open","ping_status":"open","sticky":false,"template":"","format":"standard","meta":{"footnotes":""},"categories":[4],"tags":[],"class_list":["post-30505","post","type-post","status-publish","format-standard","has-post-thumbnail","hentry","category-rio-das-ostras"],"_links":{"self":[{"href":"https:\/\/blogdodanielgalvao.com.br\/site\/wp-json\/wp\/v2\/posts\/30505","targetHints":{"allow":["GET"]}}],"collection":[{"href":"https:\/\/blogdodanielgalvao.com.br\/site\/wp-json\/wp\/v2\/posts"}],"about":[{"href":"https:\/\/blogdodanielgalvao.com.br\/site\/wp-json\/wp\/v2\/types\/post"}],"author":[{"embeddable":true,"href":"https:\/\/blogdodanielgalvao.com.br\/site\/wp-json\/wp\/v2\/users\/2"}],"replies":[{"embeddable":true,"href":"https:\/\/blogdodanielgalvao.com.br\/site\/wp-json\/wp\/v2\/comments?post=30505"}],"version-history":[{"count":1,"href":"https:\/\/blogdodanielgalvao.com.br\/site\/wp-json\/wp\/v2\/posts\/30505\/revisions"}],"predecessor-version":[{"id":30507,"href":"https:\/\/blogdodanielgalvao.com.br\/site\/wp-json\/wp\/v2\/posts\/30505\/revisions\/30507"}],"wp:featuredmedia":[{"embeddable":true,"href":"https:\/\/blogdodanielgalvao.com.br\/site\/wp-json\/wp\/v2\/media\/30506"}],"wp:attachment":[{"href":"https:\/\/blogdodanielgalvao.com.br\/site\/wp-json\/wp\/v2\/media?parent=30505"}],"wp:term":[{"taxonomy":"category","embeddable":true,"href":"https:\/\/blogdodanielgalvao.com.br\/site\/wp-json\/wp\/v2\/categories?post=30505"},{"taxonomy":"post_tag","embeddable":true,"href":"https:\/\/blogdodanielgalvao.com.br\/site\/wp-json\/wp\/v2\/tags?post=30505"}],"curies":[{"name":"wp","href":"https:\/\/api.w.org\/{rel}","templated":true}]}}