{"id":30499,"date":"2026-02-27T10:53:25","date_gmt":"2026-02-27T13:53:25","guid":{"rendered":"https:\/\/blogdodanielgalvao.com.br\/site\/?p=30499"},"modified":"2026-02-27T10:53:31","modified_gmt":"2026-02-27T13:53:31","slug":"rio-das-ostras-intensifica-trabalho-da-ronda-escolar-junto-a-rede-municipal","status":"publish","type":"post","link":"https:\/\/blogdodanielgalvao.com.br\/site\/rio-das-ostras-intensifica-trabalho-da-ronda-escolar-junto-a-rede-municipal\/","title":{"rendered":"Rio das Ostras intensifica trabalho da Ronda Escolar junto \u00e0 rede municipal"},"content":{"rendered":"\n<p>A Prefeitura de Rio das Ostras est\u00e1 intensificando o trabalho da Guarda Municipal na chamada Ronda Escolar, equipe voltada para a seguran\u00e7a dos alunos da rede p\u00fablica municipal, e que ser\u00e1 expandido tamb\u00e9m para a rede particular.<\/p>\n\n\n\n<p>O an\u00fancio da amplia\u00e7\u00e3o do servi\u00e7o foi feito nessa semana pelo munic\u00edpio, com objetivo de aumentar a seguran\u00e7a dos estudantes e da comunidade, levando palestras e atividades educacionais de forma l\u00fadica para as escolas, al\u00e9m de a\u00e7\u00f5es de patrulhamento.<\/p>\n\n\n\n<p>\u201cCom o retorno das aulas, os agentes da Ronda Escolar intensificaram o trabalho, com apoio de viaturas de supervis\u00e3o escolar. Os guardas municipais fazem apoio \u00e0s travessias e atendimento a ocorr\u00eancias nas unidades escolares municipais\u201d, contou a prefeitura.<\/p>\n\n\n\n<p>Segundo o secret\u00e1rio de Seguran\u00e7a P\u00fablica, Carlos Menegasi, a atua\u00e7\u00e3o da Ronda Escolar foi refor\u00e7ada em todas as unidades de ensino do munic\u00edpio, seguindo um cronograma que mira na amplia\u00e7\u00e3o da atua\u00e7\u00e3o junto \u00e0s escolas.<\/p>\n\n\n\n<p>\u201cA seguran\u00e7a dos alunos e da comunidade escolar \u00e9 prioridade para a gest\u00e3o. Neste in\u00edcio de ano, montamos um cronograma especial para manter uma presen\u00e7a ainda maior nas escolas do munic\u00edpio\u201d, afirmou Carlos Menegasi.<\/p>\n","protected":false},"excerpt":{"rendered":"<p>A Prefeitura de Rio das Ostras est\u00e1 intensificando o trabalho da Guarda Municipal na chamada Ronda Escolar, equipe voltada para a seguran\u00e7a dos alunos da rede p\u00fablica municipal, e que ser\u00e1 expandido tamb\u00e9m para a rede particular. O an\u00fancio da amplia\u00e7\u00e3o do servi\u00e7o foi feito nessa semana pelo munic\u00edpio, com objetivo de aumentar a seguran\u00e7a [&hellip;]<\/p>\n","protected":false},"author":2,"featured_media":30500,"comment_status":"open","ping_status":"open","sticky":false,"template":"","format":"standard","meta":{"footnotes":""},"categories":[4],"tags":[],"class_list":["post-30499","post","type-post","status-publish","format-standard","has-post-thumbnail","hentry","category-rio-das-ostras"],"_links":{"self":[{"href":"https:\/\/blogdodanielgalvao.com.br\/site\/wp-json\/wp\/v2\/posts\/30499","targetHints":{"allow":["GET"]}}],"collection":[{"href":"https:\/\/blogdodanielgalvao.com.br\/site\/wp-json\/wp\/v2\/posts"}],"about":[{"href":"https:\/\/blogdodanielgalvao.com.br\/site\/wp-json\/wp\/v2\/types\/post"}],"author":[{"embeddable":true,"href":"https:\/\/blogdodanielgalvao.com.br\/site\/wp-json\/wp\/v2\/users\/2"}],"replies":[{"embeddable":true,"href":"https:\/\/blogdodanielgalvao.com.br\/site\/wp-json\/wp\/v2\/comments?post=30499"}],"version-history":[{"count":1,"href":"https:\/\/blogdodanielgalvao.com.br\/site\/wp-json\/wp\/v2\/posts\/30499\/revisions"}],"predecessor-version":[{"id":30501,"href":"https:\/\/blogdodanielgalvao.com.br\/site\/wp-json\/wp\/v2\/posts\/30499\/revisions\/30501"}],"wp:featuredmedia":[{"embeddable":true,"href":"https:\/\/blogdodanielgalvao.com.br\/site\/wp-json\/wp\/v2\/media\/30500"}],"wp:attachment":[{"href":"https:\/\/blogdodanielgalvao.com.br\/site\/wp-json\/wp\/v2\/media?parent=30499"}],"wp:term":[{"taxonomy":"category","embeddable":true,"href":"https:\/\/blogdodanielgalvao.com.br\/site\/wp-json\/wp\/v2\/categories?post=30499"},{"taxonomy":"post_tag","embeddable":true,"href":"https:\/\/blogdodanielgalvao.com.br\/site\/wp-json\/wp\/v2\/tags?post=30499"}],"curies":[{"name":"wp","href":"https:\/\/api.w.org\/{rel}","templated":true}]}}