{"id":30494,"date":"2026-02-26T20:17:43","date_gmt":"2026-02-26T23:17:43","guid":{"rendered":"https:\/\/blogdodanielgalvao.com.br\/site\/?p=30494"},"modified":"2026-02-26T20:17:50","modified_gmt":"2026-02-26T23:17:50","slug":"rio-das-ostras-promove-mutirao-de-limpeza-que-deve-chegar-a-todos-os-cantos-da-cidade","status":"publish","type":"post","link":"https:\/\/blogdodanielgalvao.com.br\/site\/rio-das-ostras-promove-mutirao-de-limpeza-que-deve-chegar-a-todos-os-cantos-da-cidade\/","title":{"rendered":"Rio das Ostras promove mutir\u00e3o de limpeza que deve chegar a todos os cantos da cidade"},"content":{"rendered":"\n<p>A Prefeitura de Rio das Ostras iniciou, nessa semana, uma a\u00e7\u00e3o especial de limpeza p\u00fablica e manuten\u00e7\u00e3o, com mais de 100 funcion\u00e1rios atuando em servi\u00e7os de ro\u00e7ada em diversos bairros e localidades da cidade.<\/p>\n\n\n\n<p>Coordenados pela Secretaria de Meio Ambiente, os trabalhos come\u00e7aram nessa semana, com servi\u00e7os no \u00c2ncora, Village, Praiamar e Terra Firme, levando mais sa\u00fade, seguran\u00e7a e bem-estar para os moradores.<\/p>\n\n\n\n<p>As a\u00e7\u00f5es contam com apoio de equipes de servi\u00e7os p\u00fablicos, e com v\u00e1rias frentes de trabalho, que atuar\u00e3o em todas as regi\u00f5es da cidade, como contou o secret\u00e1rio de Meio Ambiente, Ricardo Torres.<\/p>\n\n\n\n<p>\u201cPor solicita\u00e7\u00e3o do prefeito Carlos Augusto (PL), montamos um grande plano de trabalho, com mais de 100 funcion\u00e1rios e maquin\u00e1rio, divididos em frentes de trabalho. A ro\u00e7ada \u00e9 um servi\u00e7o cont\u00ednuo e essencial para manter a cidade organizada e segura\u201d, explicou Ricardo Torres.<\/p>\n\n\n\n<p>A prefeitura lembra que, mais do que uma a\u00e7\u00e3o est\u00e9tica, o servi\u00e7o tem import\u00e2ncia na sa\u00fade e na seguran\u00e7a, j\u00e1 que a redu\u00e7\u00e3o de vegeta\u00e7\u00e3o excessiva e limpeza de terrenos melhora a visibilidade em ruas e cal\u00e7adas e, em consequ\u00eancia, melhora a sensa\u00e7\u00e3o de seguran\u00e7a dos moradores.<\/p>\n\n\n\n<p>De acordo com o munic\u00edpio, as a\u00e7\u00f5es, que continuar\u00e3o nas pr\u00f3ximas semanas em outros bairros e localidades da cidade, tamb\u00e9m contam com o apoio da popula\u00e7\u00e3o, como afirmou o secret\u00e1rio de Meio Ambiente.<\/p>\n\n\n\n<p>\u201c\u00c9 importante que os moradores fa\u00e7am tamb\u00e9m sua parte, evitando jogar lixo e descartar inserv\u00edveis em terrenos desocupados, al\u00e9m de cuidar de suas cal\u00e7adas\u201d, finalizou Ricardo Torres.<\/p>\n","protected":false},"excerpt":{"rendered":"<p>A Prefeitura de Rio das Ostras iniciou, nessa semana, uma a\u00e7\u00e3o especial de limpeza p\u00fablica e manuten\u00e7\u00e3o, com mais de 100 funcion\u00e1rios atuando em servi\u00e7os de ro\u00e7ada em diversos bairros e localidades da cidade. Coordenados pela Secretaria de Meio Ambiente, os trabalhos come\u00e7aram nessa semana, com servi\u00e7os no \u00c2ncora, Village, Praiamar e Terra Firme, levando [&hellip;]<\/p>\n","protected":false},"author":2,"featured_media":30495,"comment_status":"open","ping_status":"open","sticky":false,"template":"","format":"standard","meta":{"footnotes":""},"categories":[2978,4],"tags":[],"class_list":["post-30494","post","type-post","status-publish","format-standard","has-post-thumbnail","hentry","category-destaques-topo","category-rio-das-ostras"],"_links":{"self":[{"href":"https:\/\/blogdodanielgalvao.com.br\/site\/wp-json\/wp\/v2\/posts\/30494","targetHints":{"allow":["GET"]}}],"collection":[{"href":"https:\/\/blogdodanielgalvao.com.br\/site\/wp-json\/wp\/v2\/posts"}],"about":[{"href":"https:\/\/blogdodanielgalvao.com.br\/site\/wp-json\/wp\/v2\/types\/post"}],"author":[{"embeddable":true,"href":"https:\/\/blogdodanielgalvao.com.br\/site\/wp-json\/wp\/v2\/users\/2"}],"replies":[{"embeddable":true,"href":"https:\/\/blogdodanielgalvao.com.br\/site\/wp-json\/wp\/v2\/comments?post=30494"}],"version-history":[{"count":1,"href":"https:\/\/blogdodanielgalvao.com.br\/site\/wp-json\/wp\/v2\/posts\/30494\/revisions"}],"predecessor-version":[{"id":30496,"href":"https:\/\/blogdodanielgalvao.com.br\/site\/wp-json\/wp\/v2\/posts\/30494\/revisions\/30496"}],"wp:featuredmedia":[{"embeddable":true,"href":"https:\/\/blogdodanielgalvao.com.br\/site\/wp-json\/wp\/v2\/media\/30495"}],"wp:attachment":[{"href":"https:\/\/blogdodanielgalvao.com.br\/site\/wp-json\/wp\/v2\/media?parent=30494"}],"wp:term":[{"taxonomy":"category","embeddable":true,"href":"https:\/\/blogdodanielgalvao.com.br\/site\/wp-json\/wp\/v2\/categories?post=30494"},{"taxonomy":"post_tag","embeddable":true,"href":"https:\/\/blogdodanielgalvao.com.br\/site\/wp-json\/wp\/v2\/tags?post=30494"}],"curies":[{"name":"wp","href":"https:\/\/api.w.org\/{rel}","templated":true}]}}