{"id":30491,"date":"2026-02-26T20:10:37","date_gmt":"2026-02-26T23:10:37","guid":{"rendered":"https:\/\/blogdodanielgalvao.com.br\/site\/?p=30491"},"modified":"2026-02-26T20:10:42","modified_gmt":"2026-02-26T23:10:42","slug":"qualifica-mulher-reserva-20-das-vagas-para-afrodescendentes-em-macae","status":"publish","type":"post","link":"https:\/\/blogdodanielgalvao.com.br\/site\/qualifica-mulher-reserva-20-das-vagas-para-afrodescendentes-em-macae\/","title":{"rendered":"Qualifica Mulher reserva 20% das vagas para afrodescendentes em Maca\u00e9"},"content":{"rendered":"\n<p>O poder p\u00fablico de Maca\u00e9 divulgou a listagem com as selecionadas para as vagas remanescentes do Programa Qualifica Mulher. Os dados foram divulgados nesta quinta-feira (26) pela Secretaria de Pol\u00edticas para as Mulheres. A listagem \u00e9 para o curso de Auxiliar de Plataforma.<\/p>\n\n\n\n<p>Segundo informa\u00e7\u00f5es, as candidatas devem realizar a matr\u00edcula de forma presencial nesta sexta-feira (27), das 9h \u00e0s 16h, na sede da Secretaria, que fica na Rua Dr. Luiz Bellegard, n\u00ba 139, Imbetiba. \u00c9 necess\u00e1rio apresentar documento oficial com foto.<\/p>\n\n\n\n<p>A iniciativa oferece turmas exclusivas para mulheres moradoras de Maca\u00e9 e com idade a partir de 18 anos. O programa Qualifica Mulher est\u00e1 sendo realizado junto com o Senai\/Firjan e dar\u00e1 prioridade para quem estiver em situa\u00e7\u00e3o de vulnerabilidade social e econ\u00f4mica.<\/p>\n\n\n\n<p>O poder p\u00fablico informou tamb\u00e9m que 20% das vagas s\u00e3o reservadas para mulheres afrodescendentes, respeitando a Lei Municipal n\u00ba 4.901\/2022, que institui o sistema de cotas no munic\u00edpio.<\/p>\n","protected":false},"excerpt":{"rendered":"<p>O poder p\u00fablico de Maca\u00e9 divulgou a listagem com as selecionadas para as vagas remanescentes do Programa Qualifica Mulher. Os dados foram divulgados nesta quinta-feira (26) pela Secretaria de Pol\u00edticas para as Mulheres. A listagem \u00e9 para o curso de Auxiliar de Plataforma. Segundo informa\u00e7\u00f5es, as candidatas devem realizar a matr\u00edcula de forma presencial nesta [&hellip;]<\/p>\n","protected":false},"author":2,"featured_media":30492,"comment_status":"open","ping_status":"open","sticky":false,"template":"","format":"standard","meta":{"footnotes":""},"categories":[2978,2],"tags":[],"class_list":["post-30491","post","type-post","status-publish","format-standard","has-post-thumbnail","hentry","category-destaques-topo","category-macae"],"_links":{"self":[{"href":"https:\/\/blogdodanielgalvao.com.br\/site\/wp-json\/wp\/v2\/posts\/30491","targetHints":{"allow":["GET"]}}],"collection":[{"href":"https:\/\/blogdodanielgalvao.com.br\/site\/wp-json\/wp\/v2\/posts"}],"about":[{"href":"https:\/\/blogdodanielgalvao.com.br\/site\/wp-json\/wp\/v2\/types\/post"}],"author":[{"embeddable":true,"href":"https:\/\/blogdodanielgalvao.com.br\/site\/wp-json\/wp\/v2\/users\/2"}],"replies":[{"embeddable":true,"href":"https:\/\/blogdodanielgalvao.com.br\/site\/wp-json\/wp\/v2\/comments?post=30491"}],"version-history":[{"count":1,"href":"https:\/\/blogdodanielgalvao.com.br\/site\/wp-json\/wp\/v2\/posts\/30491\/revisions"}],"predecessor-version":[{"id":30493,"href":"https:\/\/blogdodanielgalvao.com.br\/site\/wp-json\/wp\/v2\/posts\/30491\/revisions\/30493"}],"wp:featuredmedia":[{"embeddable":true,"href":"https:\/\/blogdodanielgalvao.com.br\/site\/wp-json\/wp\/v2\/media\/30492"}],"wp:attachment":[{"href":"https:\/\/blogdodanielgalvao.com.br\/site\/wp-json\/wp\/v2\/media?parent=30491"}],"wp:term":[{"taxonomy":"category","embeddable":true,"href":"https:\/\/blogdodanielgalvao.com.br\/site\/wp-json\/wp\/v2\/categories?post=30491"},{"taxonomy":"post_tag","embeddable":true,"href":"https:\/\/blogdodanielgalvao.com.br\/site\/wp-json\/wp\/v2\/tags?post=30491"}],"curies":[{"name":"wp","href":"https:\/\/api.w.org\/{rel}","templated":true}]}}