{"id":30477,"date":"2026-02-26T16:23:04","date_gmt":"2026-02-26T19:23:04","guid":{"rendered":"https:\/\/blogdodanielgalvao.com.br\/site\/?p=30477"},"modified":"2026-02-26T16:23:09","modified_gmt":"2026-02-26T19:23:09","slug":"reserva-do-pero-recebe-atendimento-itinerante-do-cadunico-e-acessuas","status":"publish","type":"post","link":"https:\/\/blogdodanielgalvao.com.br\/site\/reserva-do-pero-recebe-atendimento-itinerante-do-cadunico-e-acessuas\/","title":{"rendered":"Reserva do Per\u00f3 recebe atendimento itinerante do Cad\u00danico e Acessuas+"},"content":{"rendered":"\n<p>Moradores da Reserva do Per\u00f3 tiveram acesso, nesta quinta-feira (26), a servi\u00e7os socioassistenciais sem precisar sair do bairro. A equipe do CRAS promoveu uma a\u00e7\u00e3o conjunta com o Cad\u00danico e o Acessuas+, oferecendo atualiza\u00e7\u00e3o de dados cadastrais e inscri\u00e7\u00f5es em oficinas voltadas \u00e0 inser\u00e7\u00e3o no mercado de trabalho.<\/p>\n\n\n\n<p>A iniciativa buscou reduzir barreiras de acesso e aproximar os servi\u00e7os da popula\u00e7\u00e3o. Durante o atendimento, moradores puderam regularizar informa\u00e7\u00f5es e conhecer as atividades formativas oferecidas pelo Acessuas+, que incluem orienta\u00e7\u00f5es sobre postura profissional, qualifica\u00e7\u00e3o e perman\u00eancia no emprego.<\/p>\n\n\n\n<p>Ricardo Alexandre, residente da localidade, destacou a import\u00e2ncia da presen\u00e7a da equipe no bairro. \u201cJ\u00e1 tem uns quatro meses que estou para fazer isso. Aproveitei que o CRAS veio ao meu bairro. Foi muito bom n\u00e3o s\u00f3 pra mim, mas pra todos os moradores eles terem vindo at\u00e9 a gente\u201d, afirmou.<\/p>\n\n\n\n<p>Segundo a assistente social Mara Felix, coordenadora da a\u00e7\u00e3o, descentralizar o atendimento contribui para ampliar o alcance das pol\u00edticas p\u00fablicas. Ela ressaltou que muitas pessoas deixam de comparecer aos equipamentos sociais por dificuldades financeiras relacionadas ao transporte. \u201cN\u00f3s fazemos oficinas que preparam a pessoa para o mercado de trabalho e para permanecer nele. Muitas das vezes a pessoa at\u00e9 entra no mercado de trabalho mas n\u00e3o continua nele por falta de qualifica\u00e7\u00e3o. Foi importante vir para dentro do bairro porque acontece da pessoa desistir de ir por falta de dinheiro pra locomo\u00e7\u00e3o\u201d, explicou.<\/p>\n\n\n\n<p>A proposta \u00e9 fortalecer o acesso \u00e0 informa\u00e7\u00e3o e estimular a qualifica\u00e7\u00e3o profissional, ampliando oportunidades para os moradores da comunidade.&nbsp;&nbsp;&nbsp;&nbsp;<\/p>\n","protected":false},"excerpt":{"rendered":"<p>Moradores da Reserva do Per\u00f3 tiveram acesso, nesta quinta-feira (26), a servi\u00e7os socioassistenciais sem precisar sair do bairro. A equipe do CRAS promoveu uma a\u00e7\u00e3o conjunta com o Cad\u00danico e o Acessuas+, oferecendo atualiza\u00e7\u00e3o de dados cadastrais e inscri\u00e7\u00f5es em oficinas voltadas \u00e0 inser\u00e7\u00e3o no mercado de trabalho. A iniciativa buscou reduzir barreiras de acesso [&hellip;]<\/p>\n","protected":false},"author":2,"featured_media":30478,"comment_status":"open","ping_status":"open","sticky":false,"template":"","format":"standard","meta":{"footnotes":""},"categories":[340,2978],"tags":[],"class_list":["post-30477","post","type-post","status-publish","format-standard","has-post-thumbnail","hentry","category-cabo-frio","category-destaques-topo"],"_links":{"self":[{"href":"https:\/\/blogdodanielgalvao.com.br\/site\/wp-json\/wp\/v2\/posts\/30477","targetHints":{"allow":["GET"]}}],"collection":[{"href":"https:\/\/blogdodanielgalvao.com.br\/site\/wp-json\/wp\/v2\/posts"}],"about":[{"href":"https:\/\/blogdodanielgalvao.com.br\/site\/wp-json\/wp\/v2\/types\/post"}],"author":[{"embeddable":true,"href":"https:\/\/blogdodanielgalvao.com.br\/site\/wp-json\/wp\/v2\/users\/2"}],"replies":[{"embeddable":true,"href":"https:\/\/blogdodanielgalvao.com.br\/site\/wp-json\/wp\/v2\/comments?post=30477"}],"version-history":[{"count":1,"href":"https:\/\/blogdodanielgalvao.com.br\/site\/wp-json\/wp\/v2\/posts\/30477\/revisions"}],"predecessor-version":[{"id":30479,"href":"https:\/\/blogdodanielgalvao.com.br\/site\/wp-json\/wp\/v2\/posts\/30477\/revisions\/30479"}],"wp:featuredmedia":[{"embeddable":true,"href":"https:\/\/blogdodanielgalvao.com.br\/site\/wp-json\/wp\/v2\/media\/30478"}],"wp:attachment":[{"href":"https:\/\/blogdodanielgalvao.com.br\/site\/wp-json\/wp\/v2\/media?parent=30477"}],"wp:term":[{"taxonomy":"category","embeddable":true,"href":"https:\/\/blogdodanielgalvao.com.br\/site\/wp-json\/wp\/v2\/categories?post=30477"},{"taxonomy":"post_tag","embeddable":true,"href":"https:\/\/blogdodanielgalvao.com.br\/site\/wp-json\/wp\/v2\/tags?post=30477"}],"curies":[{"name":"wp","href":"https:\/\/api.w.org\/{rel}","templated":true}]}}