{"id":30465,"date":"2026-02-26T16:00:09","date_gmt":"2026-02-26T19:00:09","guid":{"rendered":"https:\/\/blogdodanielgalvao.com.br\/site\/?p=30465"},"modified":"2026-02-26T16:00:18","modified_gmt":"2026-02-26T19:00:18","slug":"transporte-coletivo-passa-a-ser-gerido-pela-prefeitura-em-arraial-do-cabo","status":"publish","type":"post","link":"https:\/\/blogdodanielgalvao.com.br\/site\/transporte-coletivo-passa-a-ser-gerido-pela-prefeitura-em-arraial-do-cabo\/","title":{"rendered":"Transporte coletivo passa a ser gerido pela Prefeitura em Arraial do Cabo"},"content":{"rendered":"\n<p>A partir de segunda-feira (2), a Prefeitura de Arraial do Cabo passa a administrar diretamente o transporte coletivo municipal, encerrando um longo per\u00edodo de opera\u00e7\u00e3o exclusivamente privada. Com a licita\u00e7\u00e3o finalizada, o sistema entra em uma nova etapa, agora sob responsabilidade do poder p\u00fablico, com promessa de amplia\u00e7\u00e3o de linhas, mais hor\u00e1rios e melhoria na qualidade do servi\u00e7o.<\/p>\n\n\n\n<p>Antes da mudan\u00e7a, o servi\u00e7o funcionava com apenas quatro \u00f4nibus. Com a municipaliza\u00e7\u00e3o, a frota ser\u00e1 ampliada para 12 ve\u00edculos, todos equipados com ar-condicionado, motores menos poluentes e previs\u00e3o de maior regularidade nas viagens.<\/p>\n\n\n\n<p>Outro ponto central da reformula\u00e7\u00e3o \u00e9 a fixa\u00e7\u00e3o da tarifa em R$ 2 nas linhas municipais. O novo valor representa uma redu\u00e7\u00e3o no custo do deslocamento di\u00e1rio e passa a valer para todos os usu\u00e1rios do sistema dentro do munic\u00edpio.<\/p>\n\n\n\n<p>O novo modelo, estruturado pela Secretaria de Mobilidade Urbana, contar\u00e1 com cinco linhas: Arraial x Pernambuca (via Figueira \u2013 701), Arraial x Sabi\u00e1 (via Figueira \u2013 702), Centro x Praias (via Pontal\/Vila \u2013 703), CPRV x Parque das Gar\u00e7as (via Monte Alto \u2013 704) e Parque das Gar\u00e7as x Pernambuca (via Cai\u00e7ara \u2013 705). O desenho das rotas amplia a cobertura territorial e permite integra\u00e7\u00e3o entre bairros sem cobran\u00e7a de uma segunda passagem.<\/p>\n\n\n\n<p>O secret\u00e1rio de Mobilidade Urbana, Maycon Victorino, afirmou que o novo sistema foi estruturado com base em audi\u00eancias p\u00fablicas e demandas apresentadas pela popula\u00e7\u00e3o. Segundo ele, as mudan\u00e7as buscam enfrentar problemas antigos, como longas esperas nos pontos e dificuldade de acesso a determinadas regi\u00f5es da cidade.<\/p>\n\n\n\n<p>Para o prefeito Marcelo Magno, a municipaliza\u00e7\u00e3o e a nova tarifa representam um investimento estrat\u00e9gico na cidade. Ele destacou que a medida tende a impactar positivamente a economia local, estimular o turismo e facilitar o deslocamento di\u00e1rio da popula\u00e7\u00e3o.<\/p>\n\n\n\n<p>Com a mudan\u00e7a, a gest\u00e3o municipal passa a concentrar o controle operacional do transporte coletivo, prometendo mais previsibilidade de hor\u00e1rios, amplia\u00e7\u00e3o da oferta e redu\u00e7\u00e3o no custo para o passageiro.<\/p>\n","protected":false},"excerpt":{"rendered":"<p>A partir de segunda-feira (2), a Prefeitura de Arraial do Cabo passa a administrar diretamente o transporte coletivo municipal, encerrando um longo per\u00edodo de opera\u00e7\u00e3o exclusivamente privada. Com a licita\u00e7\u00e3o finalizada, o sistema entra em uma nova etapa, agora sob responsabilidade do poder p\u00fablico, com promessa de amplia\u00e7\u00e3o de linhas, mais hor\u00e1rios e melhoria na [&hellip;]<\/p>\n","protected":false},"author":2,"featured_media":30466,"comment_status":"open","ping_status":"open","sticky":false,"template":"","format":"standard","meta":{"footnotes":""},"categories":[838],"tags":[],"class_list":["post-30465","post","type-post","status-publish","format-standard","has-post-thumbnail","hentry","category-arraial-do-cabo"],"_links":{"self":[{"href":"https:\/\/blogdodanielgalvao.com.br\/site\/wp-json\/wp\/v2\/posts\/30465","targetHints":{"allow":["GET"]}}],"collection":[{"href":"https:\/\/blogdodanielgalvao.com.br\/site\/wp-json\/wp\/v2\/posts"}],"about":[{"href":"https:\/\/blogdodanielgalvao.com.br\/site\/wp-json\/wp\/v2\/types\/post"}],"author":[{"embeddable":true,"href":"https:\/\/blogdodanielgalvao.com.br\/site\/wp-json\/wp\/v2\/users\/2"}],"replies":[{"embeddable":true,"href":"https:\/\/blogdodanielgalvao.com.br\/site\/wp-json\/wp\/v2\/comments?post=30465"}],"version-history":[{"count":1,"href":"https:\/\/blogdodanielgalvao.com.br\/site\/wp-json\/wp\/v2\/posts\/30465\/revisions"}],"predecessor-version":[{"id":30467,"href":"https:\/\/blogdodanielgalvao.com.br\/site\/wp-json\/wp\/v2\/posts\/30465\/revisions\/30467"}],"wp:featuredmedia":[{"embeddable":true,"href":"https:\/\/blogdodanielgalvao.com.br\/site\/wp-json\/wp\/v2\/media\/30466"}],"wp:attachment":[{"href":"https:\/\/blogdodanielgalvao.com.br\/site\/wp-json\/wp\/v2\/media?parent=30465"}],"wp:term":[{"taxonomy":"category","embeddable":true,"href":"https:\/\/blogdodanielgalvao.com.br\/site\/wp-json\/wp\/v2\/categories?post=30465"},{"taxonomy":"post_tag","embeddable":true,"href":"https:\/\/blogdodanielgalvao.com.br\/site\/wp-json\/wp\/v2\/tags?post=30465"}],"curies":[{"name":"wp","href":"https:\/\/api.w.org\/{rel}","templated":true}]}}