{"id":2963,"date":"2018-10-16T12:06:23","date_gmt":"2018-10-16T15:06:23","guid":{"rendered":"http:\/\/blogdodanielgalvao.com.br\/site\/?p=2963"},"modified":"2018-10-16T12:18:08","modified_gmt":"2018-10-16T15:18:08","slug":"macae-com-receio-de-aprovar-mecanismo-de-censura-plenario-tira-de-pauta-pl-de-marcel-silvano-que-cria-conselho-municipal-de-comunicacao","status":"publish","type":"post","link":"https:\/\/blogdodanielgalvao.com.br\/site\/macae-com-receio-de-aprovar-mecanismo-de-censura-plenario-tira-de-pauta-pl-de-marcel-silvano-que-cria-conselho-municipal-de-comunicacao\/","title":{"rendered":"Maca\u00e9: com receio de aprovar mecanismo de censura, plen\u00e1rio tira de pauta PL de Marcel Silvano que cria Conselho Municipal de Comunica\u00e7\u00e3o"},"content":{"rendered":"<p>De autoria de Marcel Silvano (PT), o projeto de lei que cria o Conselho Municipal de Comunica\u00e7\u00e3o foi retirado de pauta em plen\u00e1rio na sess\u00e3o desta ter\u00e7a-feira, 16.<span class=\"Apple-converted-space\">\u00a0<\/span><\/p>\n<p>Os vereadores &#8211; liderados por Robson Oliveira (PSDB), que \u00e9 radialista, e Paulo Antunes (MDB) &#8211; questionaram se a proposta n\u00e3o criaria um mecanismo de censura. O petista afirmou que n\u00e3o e alegou que o Brasil discute a onda de \u2018fake news\u2019 que assola a campanha eleitoral.<span class=\"Apple-converted-space\">\u00a0<\/span><\/p>\n<p><img loading=\"lazy\" decoding=\"async\" class=\"alignright wp-image-2970\" src=\"https:\/\/blogdodanielgalvao.com.br\/site\/wp-content\/uploads\/2018\/10\/1FFB13EA-6754-4C8D-A07C-31D51388DA37-300x300.jpeg\" alt=\"\" width=\"220\" height=\"220\" srcset=\"https:\/\/blogdodanielgalvao.com.br\/site\/wp-content\/uploads\/2018\/10\/1FFB13EA-6754-4C8D-A07C-31D51388DA37-300x300.jpeg 300w, https:\/\/blogdodanielgalvao.com.br\/site\/wp-content\/uploads\/2018\/10\/1FFB13EA-6754-4C8D-A07C-31D51388DA37-150x150.jpeg 150w, https:\/\/blogdodanielgalvao.com.br\/site\/wp-content\/uploads\/2018\/10\/1FFB13EA-6754-4C8D-A07C-31D51388DA37-768x768.jpeg 768w, https:\/\/blogdodanielgalvao.com.br\/site\/wp-content\/uploads\/2018\/10\/1FFB13EA-6754-4C8D-A07C-31D51388DA37-1024x1024.jpeg 1024w, https:\/\/blogdodanielgalvao.com.br\/site\/wp-content\/uploads\/2018\/10\/1FFB13EA-6754-4C8D-A07C-31D51388DA37-820x820.jpeg 820w, https:\/\/blogdodanielgalvao.com.br\/site\/wp-content\/uploads\/2018\/10\/1FFB13EA-6754-4C8D-A07C-31D51388DA37-50x50.jpeg 50w, https:\/\/blogdodanielgalvao.com.br\/site\/wp-content\/uploads\/2018\/10\/1FFB13EA-6754-4C8D-A07C-31D51388DA37.jpeg 2048w\" sizes=\"auto, (max-width: 220px) 100vw, 220px\" \/>Por outro lado, Robson lembrou que grandes empresas de comunica\u00e7\u00e3o criaram internamente meios de detectar e combater as not\u00edcias falsas e que essa institucionaliza\u00e7\u00e3o poderia dar margem \u00e0 censura \u00e0 m\u00eddia.<\/p>\n<p>Marcel voltou a dizer que n\u00e3o, mas cedeu e sugeriu que o PL fosse retirado de pauta, j\u00e1 que estava em segunda discuss\u00e3o e somente o autor poderia fazer esta solicita\u00e7\u00e3o. O plen\u00e1rio aprovou a por unanimidade. A mat\u00e9ria deve voltar \u00e0 pauta na semana que vem.<\/p>\n<h3>Em tempo<\/h3>\n<p>O Blog existe h\u00e1 quase 8 anos noticiando os bastidores pol\u00edticos de Maca\u00e9 e regi\u00e3o. Sua audi\u00eancia \u00e9 crescente e regional. Al\u00e9m disso, o blogueiro j\u00e1 foi editor-chefe e colunista dos jornais O Debate e Di\u00e1rio da Costa do Sol, para citar apenas Maca\u00e9.<span class=\"Apple-converted-space\">\u00a0<\/span><\/p>\n<p>No entanto, apesar deste contexto profissional e de atua\u00e7\u00e3o, nunca foi convidado para nenhuma reuni\u00e3o que tratasse deste assunto, nem mesmo pela entidade que se auto-denomina \u2018Coletivo de Jornalistas\u2019 e que foi citada pelo vereador como a que foi consultada sobre a proposta.<\/p>\n<p>Sendo assim, o Blog entende como acertada a decis\u00e3o do plen\u00e1rio de retirar a mat\u00e9ria de pauta. O momento que o Brasil vive requer serenidade, discuss\u00e3o, esfor\u00e7o pela democracia e combate aos exageros, mas nunca a censura ou qualquer possibilidade dela.<\/p>\n","protected":false},"excerpt":{"rendered":"<p>De autoria de Marcel Silvano (PT), o projeto de lei que cria o Conselho Municipal de Comunica\u00e7\u00e3o foi retirado de pauta em plen\u00e1rio na sess\u00e3o desta ter\u00e7a-feira, 16.\u00a0 Os vereadores &#8211; liderados por Robson Oliveira (PSDB), que \u00e9 radialista, e Paulo Antunes (MDB) &#8211; questionaram se a proposta n\u00e3o criaria um mecanismo de censura. O [&hellip;]<\/p>\n","protected":false},"author":2,"featured_media":2964,"comment_status":"open","ping_status":"open","sticky":false,"template":"","format":"standard","meta":{"footnotes":""},"categories":[60,9,14,2,1],"tags":[883,884,39,52,46],"class_list":["post-2963","post","type-post","status-publish","format-standard","has-post-thumbnail","hentry","category-brasil","category-estado","category-geral","category-macae","category-sem-categoria","tag-censura","tag-conselho-de-comunicacao","tag-marcel","tag-paulo-antunes","tag-robson-oliveira"],"_links":{"self":[{"href":"https:\/\/blogdodanielgalvao.com.br\/site\/wp-json\/wp\/v2\/posts\/2963","targetHints":{"allow":["GET"]}}],"collection":[{"href":"https:\/\/blogdodanielgalvao.com.br\/site\/wp-json\/wp\/v2\/posts"}],"about":[{"href":"https:\/\/blogdodanielgalvao.com.br\/site\/wp-json\/wp\/v2\/types\/post"}],"author":[{"embeddable":true,"href":"https:\/\/blogdodanielgalvao.com.br\/site\/wp-json\/wp\/v2\/users\/2"}],"replies":[{"embeddable":true,"href":"https:\/\/blogdodanielgalvao.com.br\/site\/wp-json\/wp\/v2\/comments?post=2963"}],"version-history":[{"count":3,"href":"https:\/\/blogdodanielgalvao.com.br\/site\/wp-json\/wp\/v2\/posts\/2963\/revisions"}],"predecessor-version":[{"id":2973,"href":"https:\/\/blogdodanielgalvao.com.br\/site\/wp-json\/wp\/v2\/posts\/2963\/revisions\/2973"}],"wp:featuredmedia":[{"embeddable":true,"href":"https:\/\/blogdodanielgalvao.com.br\/site\/wp-json\/wp\/v2\/media\/2964"}],"wp:attachment":[{"href":"https:\/\/blogdodanielgalvao.com.br\/site\/wp-json\/wp\/v2\/media?parent=2963"}],"wp:term":[{"taxonomy":"category","embeddable":true,"href":"https:\/\/blogdodanielgalvao.com.br\/site\/wp-json\/wp\/v2\/categories?post=2963"},{"taxonomy":"post_tag","embeddable":true,"href":"https:\/\/blogdodanielgalvao.com.br\/site\/wp-json\/wp\/v2\/tags?post=2963"}],"curies":[{"name":"wp","href":"https:\/\/api.w.org\/{rel}","templated":true}]}}