{"id":29143,"date":"2026-01-23T11:34:03","date_gmt":"2026-01-23T14:34:03","guid":{"rendered":"https:\/\/blogdodanielgalvao.com.br\/site\/?p=29143"},"modified":"2026-01-23T11:35:37","modified_gmt":"2026-01-23T14:35:37","slug":"marvvila-e-sidney-magal-se-apresentam-em-rio-das-ostras-no-fim-de-semana","status":"publish","type":"post","link":"https:\/\/blogdodanielgalvao.com.br\/site\/marvvila-e-sidney-magal-se-apresentam-em-rio-das-ostras-no-fim-de-semana\/","title":{"rendered":"Marvvila e Sidney Magal se apresentam em Rio das Ostras no fim de semana"},"content":{"rendered":"\n<p>A programa\u00e7\u00e3o do Sesc Ver\u00e3o 2026 volta com tudo nesse fim de semana em Rio das Ostras, com os shows de Sidney Magal, nesse s\u00e1bado, 24, a partir das 22h, e Marvvila comandando a pista no domingo, 25, a partir das 21h.<\/p>\n\n\n\n<p>Os shows acontecem na \u00e1rea de eventos do antigo camping de Costazul, com entrada gratuita, e promessa de muita divers\u00e3o, anima\u00e7\u00e3o e entretenimento, em um espa\u00e7o que recebe ainda shows como do grupo Afroribeirinhos, no s\u00e1bado, e Nada Combinado, no domingo.<\/p>\n\n\n\n<p>O evento conta ainda com atra\u00e7\u00f5es locais, como a produtora e compositora Cl\u00e1udia Falc\u00e3o comandando o Projeto Gafieira da Elza, em homenagem ao legado de Elza Soares, no s\u00e1bado, e Rafael Spitz no domingo.<\/p>\n\n\n\n<p>Al\u00e9m da programa\u00e7\u00e3o musical, o Sesc Ver\u00e3o 2026 em Rio das Ostras tem ainda extensa programa\u00e7\u00e3o nas areias da Praia de Costazul, com a presen\u00e7a de atletas das equipes de futebol feminino do Fluminense, que fazem jogos demonstrativos no domingo, a partir das 15h.<\/p>\n\n\n\n<p>As atra\u00e7\u00f5es re\u00fanem atividades de lazer, oficinas e recrea\u00e7\u00e3o infantil ao longo de todo o fim de semana, em uma programa\u00e7\u00e3o que inclui tamb\u00e9m diversas a\u00e7\u00f5es voltadas para a preserva\u00e7\u00e3o ambiental e servi\u00e7os de orienta\u00e7\u00e3o de sa\u00fade.<\/p>\n\n\n\n<p>O Sesc Ver\u00e3o 2026 \u00e9 uma realiza\u00e7\u00e3o do Servi\u00e7o Social do Com\u00e9rcio do Estado do Rio (Sesc RJ), em parceria com o Sindicato Patronal do Com\u00e9rio Varejista (Sindicom\u00e9rcio), com apoio da Prefeitura de Rio das Ostras e Funda\u00e7\u00e3o Rio das Ostras de Cultura (Froc), al\u00e9m de O Botic\u00e1rio, Farm\u00e1cia de Manipula\u00e7\u00e3o D\u2019Rossi, Giga+ Fibra, Galleria Restaurante e Eventos, Gotrix, Pr\u00e9-vestibular Aprovado, Poke da Casa, Paiol, Nova Extrela, Amstel, Discapel Distribuidora, Shopping Plaza Rio das Ostras, Servi\u00e7o Aut\u00f4nomo de \u00c1gua e Esgoto de Rio das Ostras (SAAE) e Rio+Saneamento.<\/p>\n","protected":false},"excerpt":{"rendered":"<p>A programa\u00e7\u00e3o do Sesc Ver\u00e3o 2026 volta com tudo nesse fim de semana em Rio das Ostras, com os shows de Sidney Magal, nesse s\u00e1bado, 24, a partir das 22h, e Marvvila comandando a pista no domingo, 25, a partir das 21h. Os shows acontecem na \u00e1rea de eventos do antigo camping de Costazul, com [&hellip;]<\/p>\n","protected":false},"author":2,"featured_media":29144,"comment_status":"open","ping_status":"open","sticky":false,"template":"","format":"standard","meta":{"footnotes":""},"categories":[4],"tags":[3246],"class_list":["post-29143","post","type-post","status-publish","format-standard","has-post-thumbnail","hentry","category-rio-das-ostras","tag-sesc-verao-rio-das-ostras-2026"],"_links":{"self":[{"href":"https:\/\/blogdodanielgalvao.com.br\/site\/wp-json\/wp\/v2\/posts\/29143","targetHints":{"allow":["GET"]}}],"collection":[{"href":"https:\/\/blogdodanielgalvao.com.br\/site\/wp-json\/wp\/v2\/posts"}],"about":[{"href":"https:\/\/blogdodanielgalvao.com.br\/site\/wp-json\/wp\/v2\/types\/post"}],"author":[{"embeddable":true,"href":"https:\/\/blogdodanielgalvao.com.br\/site\/wp-json\/wp\/v2\/users\/2"}],"replies":[{"embeddable":true,"href":"https:\/\/blogdodanielgalvao.com.br\/site\/wp-json\/wp\/v2\/comments?post=29143"}],"version-history":[{"count":1,"href":"https:\/\/blogdodanielgalvao.com.br\/site\/wp-json\/wp\/v2\/posts\/29143\/revisions"}],"predecessor-version":[{"id":29145,"href":"https:\/\/blogdodanielgalvao.com.br\/site\/wp-json\/wp\/v2\/posts\/29143\/revisions\/29145"}],"wp:featuredmedia":[{"embeddable":true,"href":"https:\/\/blogdodanielgalvao.com.br\/site\/wp-json\/wp\/v2\/media\/29144"}],"wp:attachment":[{"href":"https:\/\/blogdodanielgalvao.com.br\/site\/wp-json\/wp\/v2\/media?parent=29143"}],"wp:term":[{"taxonomy":"category","embeddable":true,"href":"https:\/\/blogdodanielgalvao.com.br\/site\/wp-json\/wp\/v2\/categories?post=29143"},{"taxonomy":"post_tag","embeddable":true,"href":"https:\/\/blogdodanielgalvao.com.br\/site\/wp-json\/wp\/v2\/tags?post=29143"}],"curies":[{"name":"wp","href":"https:\/\/api.w.org\/{rel}","templated":true}]}}