{"id":29140,"date":"2026-01-23T11:18:46","date_gmt":"2026-01-23T14:18:46","guid":{"rendered":"https:\/\/blogdodanielgalvao.com.br\/site\/?p=29140"},"modified":"2026-01-23T11:18:52","modified_gmt":"2026-01-23T14:18:52","slug":"coleta-de-lixo-tera-mudancas-em-3-bairros-de-rio-das-ostras-a-partir-da-proxima-semana","status":"publish","type":"post","link":"https:\/\/blogdodanielgalvao.com.br\/site\/coleta-de-lixo-tera-mudancas-em-3-bairros-de-rio-das-ostras-a-partir-da-proxima-semana\/","title":{"rendered":"Coleta de lixo ter\u00e1 mudan\u00e7as em 3 bairros de Rio das Ostras a partir da pr\u00f3xima semana"},"content":{"rendered":"\n<p>A Prefeitura de Rio das Ostras anunciou mudan\u00e7as na coleta de lixo domiciliar nos bairros Extens\u00e3o do Bosque, Ch\u00e1cara Maril\u00e9ia e \u00c2ncora, que come\u00e7am a entrar em vigor a partir da pr\u00f3xima quarta-feira, 28.<\/p>\n\n\n\n<p>De acordo com o munic\u00edpio, as mudan\u00e7as, que afetam hor\u00e1rio e periodicidade do servi\u00e7o, fazem parte de um ajuste operacional com objetivo de ampliar a efici\u00eancia e reduzir impactos no tr\u00e2nsito, especialmente nos hor\u00e1rios de maior fluxo de ve\u00edculos.<\/p>\n\n\n\n<p>Na Extens\u00e3o do Bosque e no Ch\u00e1cara Maril\u00e9a, a coleta passar\u00e1 a ser realizada a partir das 18h, mantendo os mesmos dias, diferente do \u00c2ncora, que ter\u00e1 altera\u00e7\u00e3o na periodicidade da coleta em algumas vias.<\/p>\n\n\n\n<p>Com a mudan\u00e7a, a coleta de lixo domiciliar na Avenida das Flores, Rua das Ac\u00e1cias, Rua das Cam\u00e9lias, Rua das Papoulas, Avenida das D\u00e1lias e Rua dos L\u00edrios, passar\u00e1 a ser realizada diariamente, a partir das 7h da manh\u00e3.<\/p>\n\n\n\n<p>No comunicado sobre a mudan\u00e7a, a prefeitura refor\u00e7a a import\u00e2ncia da colabora\u00e7\u00e3o dos moradores para manter a cidade limpa e organizada, especialmente nesse per\u00edodo de maior movimenta\u00e7\u00e3o e visita de pessoas.<\/p>\n\n\n\n<p>O munic\u00edpio orienta ainda que os res\u00edduos sejam colocados para fora das resid\u00eancias pr\u00f3ximo ao hor\u00e1rio de in\u00edcio da coleta, evitando o ac\u00famulo de lixo nas vias p\u00fablicas e contribuindo para a limpeza urbana, a sa\u00fade p\u00fablica e a organiza\u00e7\u00e3o da cidade.<\/p>\n","protected":false},"excerpt":{"rendered":"<p>A Prefeitura de Rio das Ostras anunciou mudan\u00e7as na coleta de lixo domiciliar nos bairros Extens\u00e3o do Bosque, Ch\u00e1cara Maril\u00e9ia e \u00c2ncora, que come\u00e7am a entrar em vigor a partir da pr\u00f3xima quarta-feira, 28. De acordo com o munic\u00edpio, as mudan\u00e7as, que afetam hor\u00e1rio e periodicidade do servi\u00e7o, fazem parte de um ajuste operacional com [&hellip;]<\/p>\n","protected":false},"author":2,"featured_media":29141,"comment_status":"open","ping_status":"open","sticky":false,"template":"","format":"standard","meta":{"footnotes":""},"categories":[2979,4],"tags":[3245],"class_list":["post-29140","post","type-post","status-publish","format-standard","has-post-thumbnail","hentry","category-destaque-noticia-1","category-rio-das-ostras","tag-coleta-de-lixo-rio-das-ostras"],"_links":{"self":[{"href":"https:\/\/blogdodanielgalvao.com.br\/site\/wp-json\/wp\/v2\/posts\/29140","targetHints":{"allow":["GET"]}}],"collection":[{"href":"https:\/\/blogdodanielgalvao.com.br\/site\/wp-json\/wp\/v2\/posts"}],"about":[{"href":"https:\/\/blogdodanielgalvao.com.br\/site\/wp-json\/wp\/v2\/types\/post"}],"author":[{"embeddable":true,"href":"https:\/\/blogdodanielgalvao.com.br\/site\/wp-json\/wp\/v2\/users\/2"}],"replies":[{"embeddable":true,"href":"https:\/\/blogdodanielgalvao.com.br\/site\/wp-json\/wp\/v2\/comments?post=29140"}],"version-history":[{"count":1,"href":"https:\/\/blogdodanielgalvao.com.br\/site\/wp-json\/wp\/v2\/posts\/29140\/revisions"}],"predecessor-version":[{"id":29142,"href":"https:\/\/blogdodanielgalvao.com.br\/site\/wp-json\/wp\/v2\/posts\/29140\/revisions\/29142"}],"wp:featuredmedia":[{"embeddable":true,"href":"https:\/\/blogdodanielgalvao.com.br\/site\/wp-json\/wp\/v2\/media\/29141"}],"wp:attachment":[{"href":"https:\/\/blogdodanielgalvao.com.br\/site\/wp-json\/wp\/v2\/media?parent=29140"}],"wp:term":[{"taxonomy":"category","embeddable":true,"href":"https:\/\/blogdodanielgalvao.com.br\/site\/wp-json\/wp\/v2\/categories?post=29140"},{"taxonomy":"post_tag","embeddable":true,"href":"https:\/\/blogdodanielgalvao.com.br\/site\/wp-json\/wp\/v2\/tags?post=29140"}],"curies":[{"name":"wp","href":"https:\/\/api.w.org\/{rel}","templated":true}]}}