{"id":29136,"date":"2026-01-22T17:35:56","date_gmt":"2026-01-22T20:35:56","guid":{"rendered":"https:\/\/blogdodanielgalvao.com.br\/site\/?p=29136"},"modified":"2026-01-22T17:36:01","modified_gmt":"2026-01-22T20:36:01","slug":"rede-petro-bc-e-sebrae-reunem-industria-para-discutir-futuro-do-og","status":"publish","type":"post","link":"https:\/\/blogdodanielgalvao.com.br\/site\/rede-petro-bc-e-sebrae-reunem-industria-para-discutir-futuro-do-og\/","title":{"rendered":"Rede Petro-BC e Sebrae re\u00fanem ind\u00fastria para discutir futuro do O&amp;G"},"content":{"rendered":"\n<p>A Rede Petro-BC e o Sebrae v\u00e3o promover na pr\u00f3xima quarta-feira (28) em Maca\u00e9 a palestra \u201cPerspectivas Econ\u00f4micas de O&amp;G para 2026\u201d. O evento ser\u00e1 realizado \u00e0s 8h30, no Royal Palace Maca\u00e9, localizado na Avenida Atl\u00e2ntica, nos Cavaleiros. A expectativa \u00e9 por um importante debate sobre os rumos da ind\u00fastria de \u00f3leo e g\u00e1s.<\/p>\n\n\n\n<p>Uma das presen\u00e7as confirmadas \u00e9 a do gerente de SMS da UN-BC, da Petrobras, Felipe Jos\u00e9 de Loire Barreira. O evento tamb\u00e9m vai contar com a participa\u00e7\u00e3o de representantes estrat\u00e9gicos da ind\u00fastria, entidades empresariais e profissionais do mercado.<\/p>\n\n\n\n<p>A palestra dever\u00e1 apresentar an\u00e1lises e proje\u00e7\u00f5es sobre o cen\u00e1rio econ\u00f4mico do setor de \u00f3leo e g\u00e1s, investimentos, desafios operacionais e oportunidades previstas para este ano. A Firjan, por meio da \u00e1rea de Petr\u00f3leo e G\u00e1s, tamb\u00e9m ir\u00e1 trazer a vis\u00e3o da ind\u00fastria e das empresas fluminenses com o cen\u00e1rio das transforma\u00e7\u00f5es do mercado energ\u00e9tico.<\/p>\n\n\n\n<p>De acordo com os organizadores, a proposta \u00e9 promover um ambiente de troca de informa\u00e7\u00f5es qualificadas, fortalecendo o di\u00e1logo entre grandes players, fornecedores, empres\u00e1rios e profissionais da cadeia produtiva.<\/p>\n\n\n\n<p>A iniciativa \u00e9 uma realiza\u00e7\u00e3o da Rede Petro-BC e Sebrae, e conta com o patroc\u00ednio de diversas empresas do setor, como Polar Componentes El\u00e9tricos, High Supply, Daumen, Hidro Partes, Teknofil, Vox2You, Del Costa Group, Jevin, Proinsp e Merrell.<\/p>\n\n\n\n<p>Lan\u00e7amento do Maca\u00e9 Energy 2026<\/p>\n\n\n\n<p>Com apoio da Rede Petro-BC, o lan\u00e7amento do Maca\u00e9 Energy 2026 ocorrer\u00e1 na mesma oportunidade. O evento, organizado pela Firjan, com apoio da Prefeitura de Maca\u00e9 e da pr\u00f3pria Rede Petro-BC, ser\u00e1 realizado entre os dias 17 e 19 de mar\u00e7o, no Centro de Conven\u00e7\u00f5es Jornalista Roberto Marinho, reunindo os principais atores da cadeia de \u00f3leo, g\u00e1s e energia do pa\u00eds.<\/p>\n\n\n\n<p>Voltado \u00e0 integra\u00e7\u00e3o entre empresas, fornecedores, institui\u00e7\u00f5es e profissionais do setor, o Maca\u00e9 Energy 2026 refor\u00e7a a atua\u00e7\u00e3o da Rede Petro-BC como elo estrat\u00e9gico para o fortalecimento do ambiente de neg\u00f3cios regional.<\/p>\n","protected":false},"excerpt":{"rendered":"<p>A Rede Petro-BC e o Sebrae v\u00e3o promover na pr\u00f3xima quarta-feira (28) em Maca\u00e9 a palestra \u201cPerspectivas Econ\u00f4micas de O&amp;G para 2026\u201d. O evento ser\u00e1 realizado \u00e0s 8h30, no Royal Palace Maca\u00e9, localizado na Avenida Atl\u00e2ntica, nos Cavaleiros. A expectativa \u00e9 por um importante debate sobre os rumos da ind\u00fastria de \u00f3leo e g\u00e1s. Uma [&hellip;]<\/p>\n","protected":false},"author":2,"featured_media":29137,"comment_status":"open","ping_status":"open","sticky":false,"template":"","format":"standard","meta":{"footnotes":""},"categories":[2],"tags":[3244],"class_list":["post-29136","post","type-post","status-publish","format-standard","has-post-thumbnail","hentry","category-macae","tag-setor-de-oleo-e-gas-em-2026"],"_links":{"self":[{"href":"https:\/\/blogdodanielgalvao.com.br\/site\/wp-json\/wp\/v2\/posts\/29136","targetHints":{"allow":["GET"]}}],"collection":[{"href":"https:\/\/blogdodanielgalvao.com.br\/site\/wp-json\/wp\/v2\/posts"}],"about":[{"href":"https:\/\/blogdodanielgalvao.com.br\/site\/wp-json\/wp\/v2\/types\/post"}],"author":[{"embeddable":true,"href":"https:\/\/blogdodanielgalvao.com.br\/site\/wp-json\/wp\/v2\/users\/2"}],"replies":[{"embeddable":true,"href":"https:\/\/blogdodanielgalvao.com.br\/site\/wp-json\/wp\/v2\/comments?post=29136"}],"version-history":[{"count":1,"href":"https:\/\/blogdodanielgalvao.com.br\/site\/wp-json\/wp\/v2\/posts\/29136\/revisions"}],"predecessor-version":[{"id":29138,"href":"https:\/\/blogdodanielgalvao.com.br\/site\/wp-json\/wp\/v2\/posts\/29136\/revisions\/29138"}],"wp:featuredmedia":[{"embeddable":true,"href":"https:\/\/blogdodanielgalvao.com.br\/site\/wp-json\/wp\/v2\/media\/29137"}],"wp:attachment":[{"href":"https:\/\/blogdodanielgalvao.com.br\/site\/wp-json\/wp\/v2\/media?parent=29136"}],"wp:term":[{"taxonomy":"category","embeddable":true,"href":"https:\/\/blogdodanielgalvao.com.br\/site\/wp-json\/wp\/v2\/categories?post=29136"},{"taxonomy":"post_tag","embeddable":true,"href":"https:\/\/blogdodanielgalvao.com.br\/site\/wp-json\/wp\/v2\/tags?post=29136"}],"curies":[{"name":"wp","href":"https:\/\/api.w.org\/{rel}","templated":true}]}}