{"id":29133,"date":"2026-01-22T17:29:35","date_gmt":"2026-01-22T20:29:35","guid":{"rendered":"https:\/\/blogdodanielgalvao.com.br\/site\/?p=29133"},"modified":"2026-01-22T17:29:41","modified_gmt":"2026-01-22T20:29:41","slug":"carlos-augusto-participa-de-importante-lancamento-do-estado-na-area-da-seguranca","status":"publish","type":"post","link":"https:\/\/blogdodanielgalvao.com.br\/site\/carlos-augusto-participa-de-importante-lancamento-do-estado-na-area-da-seguranca\/","title":{"rendered":"Carlos Augusto participa de importante lan\u00e7amento do Estado na \u00e1rea da seguran\u00e7a"},"content":{"rendered":"\n<p>Em visita ao Rio de Janeiro nessa quinta-feira, 21, o prefeito de Rio das Ostras, Carlos Augusto (PL), participou do lan\u00e7amento oficial do Programa Sentinela, do governo estadual, que prev\u00ea a implanta\u00e7\u00e3o de 200 mil c\u00e2meras de monitoramento em todo o territ\u00f3rio fluminense.<\/p>\n\n\n\n<p>Considerado o maior investimento da hist\u00f3ria da seguran\u00e7a p\u00fablica em toda a Am\u00e9rica do Sul, o programa contar\u00e1 com equipamentos modernos, com tecnologia de intelig\u00eancia artificial, contribuindo com a\u00e7\u00f5es de seguran\u00e7a do Estado e dos munic\u00edpios.<\/p>\n\n\n\n<p>Durante o evento, o prefeito conversou com o governador Cl\u00e1udio Castro (PL) e apresentou as principais demandas da cidade na \u00e1rea da seguran\u00e7a p\u00fablica, como investimentos em a\u00e7\u00f5es integradas e a inclus\u00e3o de Rio das Ostras nas pr\u00f3ximas etapas do Programa Sentinela.<\/p>\n\n\n\n<p>Entre as pautas que tamb\u00e9m foram levadas pelo prefeito ao governador est\u00e3o o crescimento acelerado da cidade, o aumento da circula\u00e7\u00e3o de pessoas, especialmente em per\u00edodos de alta temporada, e a necessidade de refor\u00e7o em pol\u00edticas p\u00fablicas de prote\u00e7\u00e3o.<\/p>\n\n\n\n<p>\u201cO programa \u00e9 um avan\u00e7o hist\u00f3rico para o Estado, mas \u00e9 fundamental que cidades como Rio das Ostras, que vivem uma realidade desafiadora na seguran\u00e7a p\u00fablica, recebam aten\u00e7\u00e3o especial. O governador sinalizou positivamente e reafirmou o compromisso de apoiar nosso munic\u00edpio com mais investimentos e a\u00e7\u00f5es concretas\u201d, contou Carlos Augusto.<\/p>\n\n\n\n<p>Com previs\u00e3o de atendimento a todos os 92 munic\u00edpios do Estado do Rio, o Programa Sentinela visa o combate a crimes violentos, roubos, furtos, tr\u00e1fico de drogas, crimes ambientais e vandalismo, fortalecendo o trabalho das for\u00e7as de seguran\u00e7a com uso de tecnologia.<\/p>\n","protected":false},"excerpt":{"rendered":"<p>Em visita ao Rio de Janeiro nessa quinta-feira, 21, o prefeito de Rio das Ostras, Carlos Augusto (PL), participou do lan\u00e7amento oficial do Programa Sentinela, do governo estadual, que prev\u00ea a implanta\u00e7\u00e3o de 200 mil c\u00e2meras de monitoramento em todo o territ\u00f3rio fluminense. Considerado o maior investimento da hist\u00f3ria da seguran\u00e7a p\u00fablica em toda a [&hellip;]<\/p>\n","protected":false},"author":2,"featured_media":29134,"comment_status":"open","ping_status":"open","sticky":false,"template":"","format":"standard","meta":{"footnotes":""},"categories":[4],"tags":[3243,3242],"class_list":["post-29133","post","type-post","status-publish","format-standard","has-post-thumbnail","hentry","category-rio-das-ostras","tag-do-governo-estadual","tag-lancamento-oficial-do-programa-sentinela"],"_links":{"self":[{"href":"https:\/\/blogdodanielgalvao.com.br\/site\/wp-json\/wp\/v2\/posts\/29133","targetHints":{"allow":["GET"]}}],"collection":[{"href":"https:\/\/blogdodanielgalvao.com.br\/site\/wp-json\/wp\/v2\/posts"}],"about":[{"href":"https:\/\/blogdodanielgalvao.com.br\/site\/wp-json\/wp\/v2\/types\/post"}],"author":[{"embeddable":true,"href":"https:\/\/blogdodanielgalvao.com.br\/site\/wp-json\/wp\/v2\/users\/2"}],"replies":[{"embeddable":true,"href":"https:\/\/blogdodanielgalvao.com.br\/site\/wp-json\/wp\/v2\/comments?post=29133"}],"version-history":[{"count":1,"href":"https:\/\/blogdodanielgalvao.com.br\/site\/wp-json\/wp\/v2\/posts\/29133\/revisions"}],"predecessor-version":[{"id":29135,"href":"https:\/\/blogdodanielgalvao.com.br\/site\/wp-json\/wp\/v2\/posts\/29133\/revisions\/29135"}],"wp:featuredmedia":[{"embeddable":true,"href":"https:\/\/blogdodanielgalvao.com.br\/site\/wp-json\/wp\/v2\/media\/29134"}],"wp:attachment":[{"href":"https:\/\/blogdodanielgalvao.com.br\/site\/wp-json\/wp\/v2\/media?parent=29133"}],"wp:term":[{"taxonomy":"category","embeddable":true,"href":"https:\/\/blogdodanielgalvao.com.br\/site\/wp-json\/wp\/v2\/categories?post=29133"},{"taxonomy":"post_tag","embeddable":true,"href":"https:\/\/blogdodanielgalvao.com.br\/site\/wp-json\/wp\/v2\/tags?post=29133"}],"curies":[{"name":"wp","href":"https:\/\/api.w.org\/{rel}","templated":true}]}}