{"id":29127,"date":"2026-01-22T17:09:20","date_gmt":"2026-01-22T20:09:20","guid":{"rendered":"https:\/\/blogdodanielgalvao.com.br\/site\/?p=29127"},"modified":"2026-01-22T17:09:25","modified_gmt":"2026-01-22T20:09:25","slug":"rio-das-ostras-divulga-listagem-com-resultado-de-processo-seletivo-da-educacao","status":"publish","type":"post","link":"https:\/\/blogdodanielgalvao.com.br\/site\/rio-das-ostras-divulga-listagem-com-resultado-de-processo-seletivo-da-educacao\/","title":{"rendered":"Rio das Ostras divulga listagem com resultado de processo seletivo da Educa\u00e7\u00e3o"},"content":{"rendered":"\n<p>A Prefeitura de Rio das Ostras divulgou, nessa semana, o resultado preliminar do processo seletivo p\u00fablico simplificado para contrata\u00e7\u00e3o tempor\u00e1ria e forma\u00e7\u00e3o de cadastro de reserva da Secretaria de Educa\u00e7\u00e3o, Esporte e Lazer.<\/p>\n\n\n\n<p>A listagem com os resultados preliminares foi publicada pela pasta nessa quarta-feira, 21, na edi\u00e7\u00e3o 1.914 do Jornal Oficial, dispon\u00edvel no site da prefeitura, lembrando que o processo tem 651 vagas para contrata\u00e7\u00e3o imediata e 524 para o cadastro de reserva, com um total de 13.053 inscritos.<\/p>\n\n\n\n<p>Sobre os resultados preliminares, a prefeitura lembra que ainda cabe recurso, mas ressalta que o prazo para isso termina nessa sexta-feira, 23, em caso de discord\u00e2ncia sobre a classifica\u00e7\u00e3o divulgada nos atos oficiais.<\/p>\n\n\n\n<p>Para interpor recurso, \u00e9 preciso ir presencialmente ao setor de Protocolo Geral da prefeitura, na Rua Campo de Albacora, 75, no Loteamento Atl\u00e2ntica, das 8h \u00e0s 17h, e preencher a ficha de recurso aos cuidados da Comiss\u00e3o Organizadora do Processo.<\/p>\n\n\n\n<p>\u201cO procedimento pode ser realizado pelo candidato ou atrav\u00e9s de procura\u00e7\u00e3o p\u00fablica. Os interessados devem preencher devidamente a ficha de recurso, al\u00e9m de anexar c\u00f3pia do documento de identifica\u00e7\u00e3o com foto e demais documentos pertinentes \u00e0 demanda daquilo que o candidato se julgou prejudicado. Vale ressaltar que o recurso deve ser fundamentado e redigido com clareza\u201d, detalhou a Secretaria de Educa\u00e7\u00e3o, Esporte e Lazer.<\/p>\n\n\n\n<p>Lan\u00e7ado no \u00faltimo dia 15 de janeiro, o processo seletivo p\u00fablico simplificado contou com oferecimento de vagas para 21 cargos de n\u00edveis de escolaridade distintos, desde o Ensino Fundamental at\u00e9 o Ensino Superior.<\/p>\n\n\n\n<p>A prefeitura ressalta ainda que a classifica\u00e7\u00e3o das vagas foi realizada por meio de pontua\u00e7\u00e3o, com o candidato acumulando pontos de acordo com crit\u00e9rios de forma\u00e7\u00e3o acad\u00eamica, cursos complementares e experi\u00eancia profissional.<\/p>\n","protected":false},"excerpt":{"rendered":"<p>A Prefeitura de Rio das Ostras divulgou, nessa semana, o resultado preliminar do processo seletivo p\u00fablico simplificado para contrata\u00e7\u00e3o tempor\u00e1ria e forma\u00e7\u00e3o de cadastro de reserva da Secretaria de Educa\u00e7\u00e3o, Esporte e Lazer. A listagem com os resultados preliminares foi publicada pela pasta nessa quarta-feira, 21, na edi\u00e7\u00e3o 1.914 do Jornal Oficial, dispon\u00edvel no site [&hellip;]<\/p>\n","protected":false},"author":2,"featured_media":29128,"comment_status":"open","ping_status":"open","sticky":false,"template":"","format":"standard","meta":{"footnotes":""},"categories":[2978,4],"tags":[],"class_list":["post-29127","post","type-post","status-publish","format-standard","has-post-thumbnail","hentry","category-destaques-topo","category-rio-das-ostras"],"_links":{"self":[{"href":"https:\/\/blogdodanielgalvao.com.br\/site\/wp-json\/wp\/v2\/posts\/29127","targetHints":{"allow":["GET"]}}],"collection":[{"href":"https:\/\/blogdodanielgalvao.com.br\/site\/wp-json\/wp\/v2\/posts"}],"about":[{"href":"https:\/\/blogdodanielgalvao.com.br\/site\/wp-json\/wp\/v2\/types\/post"}],"author":[{"embeddable":true,"href":"https:\/\/blogdodanielgalvao.com.br\/site\/wp-json\/wp\/v2\/users\/2"}],"replies":[{"embeddable":true,"href":"https:\/\/blogdodanielgalvao.com.br\/site\/wp-json\/wp\/v2\/comments?post=29127"}],"version-history":[{"count":1,"href":"https:\/\/blogdodanielgalvao.com.br\/site\/wp-json\/wp\/v2\/posts\/29127\/revisions"}],"predecessor-version":[{"id":29129,"href":"https:\/\/blogdodanielgalvao.com.br\/site\/wp-json\/wp\/v2\/posts\/29127\/revisions\/29129"}],"wp:featuredmedia":[{"embeddable":true,"href":"https:\/\/blogdodanielgalvao.com.br\/site\/wp-json\/wp\/v2\/media\/29128"}],"wp:attachment":[{"href":"https:\/\/blogdodanielgalvao.com.br\/site\/wp-json\/wp\/v2\/media?parent=29127"}],"wp:term":[{"taxonomy":"category","embeddable":true,"href":"https:\/\/blogdodanielgalvao.com.br\/site\/wp-json\/wp\/v2\/categories?post=29127"},{"taxonomy":"post_tag","embeddable":true,"href":"https:\/\/blogdodanielgalvao.com.br\/site\/wp-json\/wp\/v2\/tags?post=29127"}],"curies":[{"name":"wp","href":"https:\/\/api.w.org\/{rel}","templated":true}]}}