{"id":29124,"date":"2026-01-22T15:58:34","date_gmt":"2026-01-22T18:58:34","guid":{"rendered":"https:\/\/blogdodanielgalvao.com.br\/site\/?p=29124"},"modified":"2026-01-22T15:58:39","modified_gmt":"2026-01-22T18:58:39","slug":"cabo-frio-mantem-inscricoes-abertas-para-cursos-gratuitos-da-faetec","status":"publish","type":"post","link":"https:\/\/blogdodanielgalvao.com.br\/site\/cabo-frio-mantem-inscricoes-abertas-para-cursos-gratuitos-da-faetec\/","title":{"rendered":"Cabo Frio mant\u00e9m inscri\u00e7\u00f5es abertas para cursos gratuitos da Faetec"},"content":{"rendered":"\n<p>As inscri\u00e7\u00f5es para os cursos gratuitos da Faetec em Cabo Frio seguem abertas at\u00e9 domingo, dia 25 de janeiro, \u00e0s 23h59. A iniciativa \u00e9 voltada exclusivamente para mulheres e oferece aulas presenciais em unidades localizadas no munic\u00edpio e no distrito de Tamoios.<\/p>\n\n\n\n<p>A a\u00e7\u00e3o \u00e9 resultado de uma parceria entre a prefeitura de Cabo Frio, por meio da secretaria adjunta de pol\u00edticas p\u00fablicas da mulher, a secretaria estadual da mulher e a Funda\u00e7\u00e3o de Apoio \u00e0 Escola T\u00e9cnica. Ao todo, est\u00e3o sendo disponibilizadas 566 vagas em cursos de forma\u00e7\u00e3o inicial e continuada, com foco na qualifica\u00e7\u00e3o profissional e na amplia\u00e7\u00e3o de oportunidades no mercado de trabalho.<\/p>\n\n\n\n<p>Os cursos t\u00eam dura\u00e7\u00e3o de 20 semanas e n\u00e3o possuem custo para as participantes. Cada candidata pode se inscrever em at\u00e9 quatro op\u00e7\u00f5es, utilizando o mesmo CPF. A idade m\u00ednima e o n\u00edvel de escolaridade exigidos variam de acordo com o curso escolhido.<\/p>\n\n\n\n<p>De acordo com a secret\u00e1ria adjunta de pol\u00edticas p\u00fablicas da mulher, B\u00e1rbara Caetano, a iniciativa contribui diretamente para o fortalecimento da autonomia feminina. \u201c\u00c9 uma oportunidade de ampliar conhecimentos, desenvolver novas habilidades e aumentar as chances de inser\u00e7\u00e3o no mercado de trabalho\u201d, afirmou.<\/p>\n\n\n\n<p>As inscri\u00e7\u00f5es devem ser feitas exclusivamente pelo site oficial da Faetec, institui\u00e7\u00e3o vinculada \u00e0 secretaria de estado de ci\u00eancia, tecnologia e inova\u00e7\u00e3o. Informa\u00e7\u00f5es detalhadas sobre documenta\u00e7\u00e3o necess\u00e1ria, unidades dispon\u00edveis e a rela\u00e7\u00e3o completa dos cursos podem ser consultadas no endere\u00e7o <a href=\"portal.faetec.rj.gov.br\/InscricaoFic\/Escolas\/Index\"><strong>portal.faetec.rj.gov.br\/InscricaoFic\/Escolas\/Index<\/strong><\/a>.&nbsp;&nbsp;&nbsp;&nbsp;<\/p>\n","protected":false},"excerpt":{"rendered":"<p>As inscri\u00e7\u00f5es para os cursos gratuitos da Faetec em Cabo Frio seguem abertas at\u00e9 domingo, dia 25 de janeiro, \u00e0s 23h59. A iniciativa \u00e9 voltada exclusivamente para mulheres e oferece aulas presenciais em unidades localizadas no munic\u00edpio e no distrito de Tamoios. A a\u00e7\u00e3o \u00e9 resultado de uma parceria entre a prefeitura de Cabo Frio, [&hellip;]<\/p>\n","protected":false},"author":2,"featured_media":29125,"comment_status":"open","ping_status":"open","sticky":false,"template":"","format":"standard","meta":{"footnotes":""},"categories":[340],"tags":[],"class_list":["post-29124","post","type-post","status-publish","format-standard","has-post-thumbnail","hentry","category-cabo-frio"],"_links":{"self":[{"href":"https:\/\/blogdodanielgalvao.com.br\/site\/wp-json\/wp\/v2\/posts\/29124","targetHints":{"allow":["GET"]}}],"collection":[{"href":"https:\/\/blogdodanielgalvao.com.br\/site\/wp-json\/wp\/v2\/posts"}],"about":[{"href":"https:\/\/blogdodanielgalvao.com.br\/site\/wp-json\/wp\/v2\/types\/post"}],"author":[{"embeddable":true,"href":"https:\/\/blogdodanielgalvao.com.br\/site\/wp-json\/wp\/v2\/users\/2"}],"replies":[{"embeddable":true,"href":"https:\/\/blogdodanielgalvao.com.br\/site\/wp-json\/wp\/v2\/comments?post=29124"}],"version-history":[{"count":1,"href":"https:\/\/blogdodanielgalvao.com.br\/site\/wp-json\/wp\/v2\/posts\/29124\/revisions"}],"predecessor-version":[{"id":29126,"href":"https:\/\/blogdodanielgalvao.com.br\/site\/wp-json\/wp\/v2\/posts\/29124\/revisions\/29126"}],"wp:featuredmedia":[{"embeddable":true,"href":"https:\/\/blogdodanielgalvao.com.br\/site\/wp-json\/wp\/v2\/media\/29125"}],"wp:attachment":[{"href":"https:\/\/blogdodanielgalvao.com.br\/site\/wp-json\/wp\/v2\/media?parent=29124"}],"wp:term":[{"taxonomy":"category","embeddable":true,"href":"https:\/\/blogdodanielgalvao.com.br\/site\/wp-json\/wp\/v2\/categories?post=29124"},{"taxonomy":"post_tag","embeddable":true,"href":"https:\/\/blogdodanielgalvao.com.br\/site\/wp-json\/wp\/v2\/tags?post=29124"}],"curies":[{"name":"wp","href":"https:\/\/api.w.org\/{rel}","templated":true}]}}