{"id":2823,"date":"2018-10-04T16:05:31","date_gmt":"2018-10-04T19:05:31","guid":{"rendered":"http:\/\/blogdodanielgalvao.com.br\/site\/?p=2823"},"modified":"2018-10-04T16:05:31","modified_gmt":"2018-10-04T19:05:31","slug":"marica-reuniao-de-quaqua-e-zeidan-e-interrompida-por-chuva-de-pedras-e-acaba-na-delegacia","status":"publish","type":"post","link":"https:\/\/blogdodanielgalvao.com.br\/site\/marica-reuniao-de-quaqua-e-zeidan-e-interrompida-por-chuva-de-pedras-e-acaba-na-delegacia\/","title":{"rendered":"Maric\u00e1: reuni\u00e3o de Quaqu\u00e1 e Zeidan \u00e9 interrompida por \u2018chuva de pedras\u2019 e acaba na delegacia"},"content":{"rendered":"<p>At\u00e9 algum tempo atr\u00e1s, n\u00e3o era raro pol\u00edticos que se tornavam alvos de tomates e ovos. Mas, em dias de \u00e2nimos cada vez mais acirrados e mais intoler\u00e2ncia, uma \u2018chuva de pedras\u2019 foi desferida contra o local que abrigava um encontro dos candidatos do PT a deputado federal e estadual, Quaqu\u00e1 e Zeidan.<\/p>\n<p>O caso ocorreu na noite de ontem, 3, numa casa de festas na cidade onde era realizada uma reuni\u00e3o de apoiadores e militantes \u00e0s candidaturas da dupla petista. As pedras quebraram parte do telhado e chegaram a ferir algumas pessoas &#8211; sem gravidade. O caso foi registrado por Quaqu\u00e1 na 82a DP. Independente de quest\u00f5es pol\u00edticas e partid\u00e1rias, trata-se de um absurdo, n\u00e9 n\u00e3o?!<\/p>\n","protected":false},"excerpt":{"rendered":"<p>At\u00e9 algum tempo atr\u00e1s, n\u00e3o era raro pol\u00edticos que se tornavam alvos de tomates e ovos. Mas, em dias de \u00e2nimos cada vez mais acirrados e mais intoler\u00e2ncia, uma \u2018chuva de pedras\u2019 foi desferida contra o local que abrigava um encontro dos candidatos do PT a deputado federal e estadual, Quaqu\u00e1 e Zeidan. O caso [&hellip;]<\/p>\n","protected":false},"author":2,"featured_media":2824,"comment_status":"open","ping_status":"open","sticky":false,"template":"","format":"standard","meta":{"footnotes":""},"categories":[60,432,9,299],"tags":[130,131,158,781],"class_list":["post-2823","post","type-post","status-publish","format-standard","has-post-thumbnail","hentry","category-brasil","category-eleicoes-2018","category-estado","category-marica","tag-igor-sardinha","tag-marica","tag-quaqua","tag-zeidan"],"_links":{"self":[{"href":"https:\/\/blogdodanielgalvao.com.br\/site\/wp-json\/wp\/v2\/posts\/2823","targetHints":{"allow":["GET"]}}],"collection":[{"href":"https:\/\/blogdodanielgalvao.com.br\/site\/wp-json\/wp\/v2\/posts"}],"about":[{"href":"https:\/\/blogdodanielgalvao.com.br\/site\/wp-json\/wp\/v2\/types\/post"}],"author":[{"embeddable":true,"href":"https:\/\/blogdodanielgalvao.com.br\/site\/wp-json\/wp\/v2\/users\/2"}],"replies":[{"embeddable":true,"href":"https:\/\/blogdodanielgalvao.com.br\/site\/wp-json\/wp\/v2\/comments?post=2823"}],"version-history":[{"count":1,"href":"https:\/\/blogdodanielgalvao.com.br\/site\/wp-json\/wp\/v2\/posts\/2823\/revisions"}],"predecessor-version":[{"id":2825,"href":"https:\/\/blogdodanielgalvao.com.br\/site\/wp-json\/wp\/v2\/posts\/2823\/revisions\/2825"}],"wp:featuredmedia":[{"embeddable":true,"href":"https:\/\/blogdodanielgalvao.com.br\/site\/wp-json\/wp\/v2\/media\/2824"}],"wp:attachment":[{"href":"https:\/\/blogdodanielgalvao.com.br\/site\/wp-json\/wp\/v2\/media?parent=2823"}],"wp:term":[{"taxonomy":"category","embeddable":true,"href":"https:\/\/blogdodanielgalvao.com.br\/site\/wp-json\/wp\/v2\/categories?post=2823"},{"taxonomy":"post_tag","embeddable":true,"href":"https:\/\/blogdodanielgalvao.com.br\/site\/wp-json\/wp\/v2\/tags?post=2823"}],"curies":[{"name":"wp","href":"https:\/\/api.w.org\/{rel}","templated":true}]}}