{"id":2818,"date":"2018-10-04T10:37:56","date_gmt":"2018-10-04T13:37:56","guid":{"rendered":"http:\/\/blogdodanielgalvao.com.br\/site\/?p=2818"},"modified":"2018-10-04T10:40:47","modified_gmt":"2018-10-04T13:40:47","slug":"encontro-entre-presidente-do-sindicato-dos-rodoviarios-e-chico-machado-suscita-suspeita-de-motivacao-politica-para-greve-da-sit","status":"publish","type":"post","link":"https:\/\/blogdodanielgalvao.com.br\/site\/encontro-entre-presidente-do-sindicato-dos-rodoviarios-e-chico-machado-suscita-suspeita-de-motivacao-politica-para-greve-da-sit\/","title":{"rendered":"Encontro entre presidente do Sindicato dos Rodovi\u00e1rios e Chico Machado suscita suspeita de motiva\u00e7\u00e3o politica para greve da SIT"},"content":{"rendered":"<p>Na manh\u00e3 desta quinta-feira, 4, um dia depois do fim da greve dos motoristas da SIT, um registro fotogr\u00e1fico que flagrou o encontro entre o presidente do Sindicato dos Rodovi\u00e1rios, Aluizio Vianna, e Chico Machado (PSD), suscitou a suspeita sobre a real motiva\u00e7\u00e3o do movimento: pol\u00edtica.<\/p>\n<p>O encontro aconteceu, segundo fontes do Blog, na padaria do Sesi, em Maca\u00e9. Chico \u00e9 candidato a deputado estadual e advers\u00e1rio pol\u00edtico do prefeito, Dr. Alu\u00edzio (sem partido). O ex-vereador teve seu nome envolvido esta semana na den\u00fancia de uma suposta tentativa de compra de votos com um caminh\u00e3o de brinquedos nas Malvinas.<\/p>\n<p><img loading=\"lazy\" decoding=\"async\" class=\"size-medium wp-image-2821 alignright\" src=\"https:\/\/blogdodanielgalvao.com.br\/site\/wp-content\/uploads\/2018\/10\/CD595CCA-F798-4BB7-B8E9-A87B8E48DCC6-169x300.jpeg\" alt=\"\" width=\"169\" height=\"300\" srcset=\"https:\/\/blogdodanielgalvao.com.br\/site\/wp-content\/uploads\/2018\/10\/CD595CCA-F798-4BB7-B8E9-A87B8E48DCC6-169x300.jpeg 169w, https:\/\/blogdodanielgalvao.com.br\/site\/wp-content\/uploads\/2018\/10\/CD595CCA-F798-4BB7-B8E9-A87B8E48DCC6-576x1024.jpeg 576w, https:\/\/blogdodanielgalvao.com.br\/site\/wp-content\/uploads\/2018\/10\/CD595CCA-F798-4BB7-B8E9-A87B8E48DCC6.jpeg 720w\" sizes=\"auto, (max-width: 169px) 100vw, 169px\" \/>Por outro lado, Vianna, ex-vereador de Rio das Ostras, tamb\u00e9m chegou a ensaiar disputar uma cadeira na Alerj, mas desistiu sem maiores explica\u00e7\u00f5es. Aluizio, ali\u00e1s, conduziu a assembleia que decidiu pela greva com cerca de 30 motoristas apenas.<\/p>\n<p>A paralisa\u00e7\u00e3o dos motoristas causou diversos problemas na cidade ao longo de uma semana e obrigou o Governo a tomar medidas, como a ado\u00e7\u00e3o de vans e \u00f4nibus de outras empresas, para minimizar os transtornos \u00e0 popula\u00e7\u00e3o.<\/p>\n<p>Ontem, 3, no Tribunal Regional do Trabalho (TRT-RJ), o sindicato anunciou ter aceitado a proposta de 6% de reajuste e decretou o fim da greve.<\/p>\n","protected":false},"excerpt":{"rendered":"<p>Na manh\u00e3 desta quinta-feira, 4, um dia depois do fim da greve dos motoristas da SIT, um registro fotogr\u00e1fico que flagrou o encontro entre o presidente do Sindicato dos Rodovi\u00e1rios, Aluizio Vianna, e Chico Machado (PSD), suscitou a suspeita sobre a real motiva\u00e7\u00e3o do movimento: pol\u00edtica. O encontro aconteceu, segundo fontes do Blog, na padaria [&hellip;]<\/p>\n","protected":false},"author":2,"featured_media":2819,"comment_status":"open","ping_status":"open","sticky":false,"template":"","format":"standard","meta":{"footnotes":""},"categories":[60],"tags":[],"class_list":["post-2818","post","type-post","status-publish","format-standard","has-post-thumbnail","hentry","category-brasil"],"_links":{"self":[{"href":"https:\/\/blogdodanielgalvao.com.br\/site\/wp-json\/wp\/v2\/posts\/2818","targetHints":{"allow":["GET"]}}],"collection":[{"href":"https:\/\/blogdodanielgalvao.com.br\/site\/wp-json\/wp\/v2\/posts"}],"about":[{"href":"https:\/\/blogdodanielgalvao.com.br\/site\/wp-json\/wp\/v2\/types\/post"}],"author":[{"embeddable":true,"href":"https:\/\/blogdodanielgalvao.com.br\/site\/wp-json\/wp\/v2\/users\/2"}],"replies":[{"embeddable":true,"href":"https:\/\/blogdodanielgalvao.com.br\/site\/wp-json\/wp\/v2\/comments?post=2818"}],"version-history":[{"count":2,"href":"https:\/\/blogdodanielgalvao.com.br\/site\/wp-json\/wp\/v2\/posts\/2818\/revisions"}],"predecessor-version":[{"id":2822,"href":"https:\/\/blogdodanielgalvao.com.br\/site\/wp-json\/wp\/v2\/posts\/2818\/revisions\/2822"}],"wp:featuredmedia":[{"embeddable":true,"href":"https:\/\/blogdodanielgalvao.com.br\/site\/wp-json\/wp\/v2\/media\/2819"}],"wp:attachment":[{"href":"https:\/\/blogdodanielgalvao.com.br\/site\/wp-json\/wp\/v2\/media?parent=2818"}],"wp:term":[{"taxonomy":"category","embeddable":true,"href":"https:\/\/blogdodanielgalvao.com.br\/site\/wp-json\/wp\/v2\/categories?post=2818"},{"taxonomy":"post_tag","embeddable":true,"href":"https:\/\/blogdodanielgalvao.com.br\/site\/wp-json\/wp\/v2\/tags?post=2818"}],"curies":[{"name":"wp","href":"https:\/\/api.w.org\/{rel}","templated":true}]}}