{"id":2812,"date":"2018-10-04T09:32:01","date_gmt":"2018-10-04T12:32:01","guid":{"rendered":"http:\/\/blogdodanielgalvao.com.br\/site\/?p=2812"},"modified":"2018-10-04T09:32:01","modified_gmt":"2018-10-04T12:32:01","slug":"buzios-governo-convoca-nesta-sexta-feira-primeira-lista-de-aprovados-no-concurso-de-2012-veja-quais-areas-serao-contempladas","status":"publish","type":"post","link":"https:\/\/blogdodanielgalvao.com.br\/site\/buzios-governo-convoca-nesta-sexta-feira-primeira-lista-de-aprovados-no-concurso-de-2012-veja-quais-areas-serao-contempladas\/","title":{"rendered":"B\u00fazios: Governo convoca nesta sexta-feira primeira lista de aprovados no concurso de 2012. Veja quais \u00e1reas ser\u00e3o contempladas!"},"content":{"rendered":"<p>No Boletim Oficial de amanh\u00e3, 5, o prefeito de B\u00fazios, Henrique Gomes (PP), publica a convoca\u00e7\u00e3o da primeira lista de aprovados no concurso realizado em 2012 atendendo orienta\u00e7\u00e3o da Justi\u00e7a.<\/p>\n<p>Segundo informa\u00e7\u00f5es da Prefeitura, ao todo s\u00e3o 224 vagas em aberto. Contudo, Nesta primeira convoca\u00e7\u00e3o ser\u00e3o chamados os 94 aprovados da \u00e1rea da Sa\u00fade e mais 47 da \u00e1rea Administrativa.<\/p>\n<p>Restar\u00e1 ainda ao Governo convocar os 83 aprovados da \u00e1rea de Educa\u00e7\u00e3o &#8211; o que acontecer\u00e1 em uma segunda lista visando o ano letivo de 2019.<\/p>\n","protected":false},"excerpt":{"rendered":"<p>No Boletim Oficial de amanh\u00e3, 5, o prefeito de B\u00fazios, Henrique Gomes (PP), publica a convoca\u00e7\u00e3o da primeira lista de aprovados no concurso realizado em 2012 atendendo orienta\u00e7\u00e3o da Justi\u00e7a. Segundo informa\u00e7\u00f5es da Prefeitura, ao todo s\u00e3o 224 vagas em aberto. Contudo, Nesta primeira convoca\u00e7\u00e3o ser\u00e3o chamados os 94 aprovados da \u00e1rea da Sa\u00fade e [&hellip;]<\/p>\n","protected":false},"author":2,"featured_media":2813,"comment_status":"open","ping_status":"open","sticky":false,"template":"","format":"standard","meta":{"footnotes":""},"categories":[60,824,432,9,14],"tags":[316,856,855],"class_list":["post-2812","post","type-post","status-publish","format-standard","has-post-thumbnail","hentry","category-brasil","category-buzios","category-eleicoes-2018","category-estado","category-geral","tag-buzios","tag-concurso","tag-henrique-gomes"],"_links":{"self":[{"href":"https:\/\/blogdodanielgalvao.com.br\/site\/wp-json\/wp\/v2\/posts\/2812","targetHints":{"allow":["GET"]}}],"collection":[{"href":"https:\/\/blogdodanielgalvao.com.br\/site\/wp-json\/wp\/v2\/posts"}],"about":[{"href":"https:\/\/blogdodanielgalvao.com.br\/site\/wp-json\/wp\/v2\/types\/post"}],"author":[{"embeddable":true,"href":"https:\/\/blogdodanielgalvao.com.br\/site\/wp-json\/wp\/v2\/users\/2"}],"replies":[{"embeddable":true,"href":"https:\/\/blogdodanielgalvao.com.br\/site\/wp-json\/wp\/v2\/comments?post=2812"}],"version-history":[{"count":1,"href":"https:\/\/blogdodanielgalvao.com.br\/site\/wp-json\/wp\/v2\/posts\/2812\/revisions"}],"predecessor-version":[{"id":2814,"href":"https:\/\/blogdodanielgalvao.com.br\/site\/wp-json\/wp\/v2\/posts\/2812\/revisions\/2814"}],"wp:featuredmedia":[{"embeddable":true,"href":"https:\/\/blogdodanielgalvao.com.br\/site\/wp-json\/wp\/v2\/media\/2813"}],"wp:attachment":[{"href":"https:\/\/blogdodanielgalvao.com.br\/site\/wp-json\/wp\/v2\/media?parent=2812"}],"wp:term":[{"taxonomy":"category","embeddable":true,"href":"https:\/\/blogdodanielgalvao.com.br\/site\/wp-json\/wp\/v2\/categories?post=2812"},{"taxonomy":"post_tag","embeddable":true,"href":"https:\/\/blogdodanielgalvao.com.br\/site\/wp-json\/wp\/v2\/tags?post=2812"}],"curies":[{"name":"wp","href":"https:\/\/api.w.org\/{rel}","templated":true}]}}