{"id":27954,"date":"2025-12-16T17:14:29","date_gmt":"2025-12-16T20:14:29","guid":{"rendered":"https:\/\/blogdodanielgalvao.com.br\/site\/?p=27954"},"modified":"2025-12-16T17:14:35","modified_gmt":"2025-12-16T20:14:35","slug":"homem-e-preso-com-cocaina-e-maconha-em-acao-da-pm-em-rio-das-ostras","status":"publish","type":"post","link":"https:\/\/blogdodanielgalvao.com.br\/site\/homem-e-preso-com-cocaina-e-maconha-em-acao-da-pm-em-rio-das-ostras\/","title":{"rendered":"Homem \u00e9 preso com coca\u00edna e maconha em a\u00e7\u00e3o da PM em Rio das Ostras"},"content":{"rendered":"\n<p>A Pol\u00edcia Militar prendeu uma pessoa e tamb\u00e9m tirou drogas de circula\u00e7\u00e3o durante uma a\u00e7\u00e3o de repress\u00e3o ao tr\u00e1fico no bairro Cidade Praiana. A a\u00e7\u00e3o aconteceu na tarde da \u00faltima segunda-feira (15) quando policiais do Grupamento de A\u00e7\u00f5es T\u00e1ticas (GAT) do 32\u00ba BPM realizavam um patrulhamento pela Estrada Velha Rio Dourado.<\/p>\n\n\n\n<p>Segundo informa\u00e7\u00f5es, os agentes suspeitaram do comportamento de um homem. Na abordagem, foram apreendidos R$ 135,00 em esp\u00e9cie, um aparelho celular, cinco tubos pl\u00e1sticos de coca\u00edna e duas por\u00e7\u00f5es de maconha.<\/p>\n\n\n\n<p>O homem e o material foram conduzidos para a 128\u00aa DP, onde a ocorr\u00eancia foi registrada. O homem permaneceu preso com base nos artigos 33 e 35 da Lei n\u00ba 11.343\/06. Todo o material apreendido ficou \u00e0 disposi\u00e7\u00e3o da Justi\u00e7a.&nbsp;&nbsp;&nbsp;&nbsp;<\/p>\n","protected":false},"excerpt":{"rendered":"<p>A Pol\u00edcia Militar prendeu uma pessoa e tamb\u00e9m tirou drogas de circula\u00e7\u00e3o durante uma a\u00e7\u00e3o de repress\u00e3o ao tr\u00e1fico no bairro Cidade Praiana. A a\u00e7\u00e3o aconteceu na tarde da \u00faltima segunda-feira (15) quando policiais do Grupamento de A\u00e7\u00f5es T\u00e1ticas (GAT) do 32\u00ba BPM realizavam um patrulhamento pela Estrada Velha Rio Dourado. Segundo informa\u00e7\u00f5es, os agentes [&hellip;]<\/p>\n","protected":false},"author":2,"featured_media":27955,"comment_status":"open","ping_status":"open","sticky":false,"template":"","format":"standard","meta":{"footnotes":""},"categories":[2980,4],"tags":[],"class_list":["post-27954","post","type-post","status-publish","format-standard","has-post-thumbnail","hentry","category-destaque-noticia-2","category-rio-das-ostras"],"_links":{"self":[{"href":"https:\/\/blogdodanielgalvao.com.br\/site\/wp-json\/wp\/v2\/posts\/27954","targetHints":{"allow":["GET"]}}],"collection":[{"href":"https:\/\/blogdodanielgalvao.com.br\/site\/wp-json\/wp\/v2\/posts"}],"about":[{"href":"https:\/\/blogdodanielgalvao.com.br\/site\/wp-json\/wp\/v2\/types\/post"}],"author":[{"embeddable":true,"href":"https:\/\/blogdodanielgalvao.com.br\/site\/wp-json\/wp\/v2\/users\/2"}],"replies":[{"embeddable":true,"href":"https:\/\/blogdodanielgalvao.com.br\/site\/wp-json\/wp\/v2\/comments?post=27954"}],"version-history":[{"count":1,"href":"https:\/\/blogdodanielgalvao.com.br\/site\/wp-json\/wp\/v2\/posts\/27954\/revisions"}],"predecessor-version":[{"id":27956,"href":"https:\/\/blogdodanielgalvao.com.br\/site\/wp-json\/wp\/v2\/posts\/27954\/revisions\/27956"}],"wp:featuredmedia":[{"embeddable":true,"href":"https:\/\/blogdodanielgalvao.com.br\/site\/wp-json\/wp\/v2\/media\/27955"}],"wp:attachment":[{"href":"https:\/\/blogdodanielgalvao.com.br\/site\/wp-json\/wp\/v2\/media?parent=27954"}],"wp:term":[{"taxonomy":"category","embeddable":true,"href":"https:\/\/blogdodanielgalvao.com.br\/site\/wp-json\/wp\/v2\/categories?post=27954"},{"taxonomy":"post_tag","embeddable":true,"href":"https:\/\/blogdodanielgalvao.com.br\/site\/wp-json\/wp\/v2\/tags?post=27954"}],"curies":[{"name":"wp","href":"https:\/\/api.w.org\/{rel}","templated":true}]}}