{"id":2788,"date":"2018-10-02T19:23:18","date_gmt":"2018-10-02T22:23:18","guid":{"rendered":"http:\/\/blogdodanielgalvao.com.br\/site\/?p=2788"},"modified":"2018-10-02T19:23:18","modified_gmt":"2018-10-02T22:23:18","slug":"macae-camara-aprova-nota-publica-repudiando-proibicao-do-trafico-a-marcel-de-fazer-campanha-em-comunidade-carente","status":"publish","type":"post","link":"https:\/\/blogdodanielgalvao.com.br\/site\/macae-camara-aprova-nota-publica-repudiando-proibicao-do-trafico-a-marcel-de-fazer-campanha-em-comunidade-carente\/","title":{"rendered":"Maca\u00e9: C\u00e2mara aprova Nota P\u00fablica repudiando proibi\u00e7\u00e3o do tr\u00e1fico a Marcel de fazer campanha em comunidade carente"},"content":{"rendered":"<p>Conforme o Blog antecipou ontem, 1, na sess\u00e3o desta ter\u00e7a-feira, Marcel Silvano (PT) discursou em plen\u00e1rio e voltou a denunciar ter sido proibido pelo tr\u00e1fico de drogas de caminhar e panfletar numa comunidade da periferia de Maca\u00e9. O incidente ocorreu no \u00faltimo s\u00e1bado.<\/p>\n<p>Al\u00e9m de afirmar se tratar de uma viol\u00eancia \u00e0 democracia, o petista foi al\u00e9m e disse que outros tr\u00eas candidatos a deputado estadual foram citados pelo \u2018funcion\u00e1rio\u2019 de uma fac\u00e7\u00e3o criminosa como \u2018autorizados\u2019 a entrar na localidade porque haviam feito o \u2018acerto\u2019.<\/p>\n<p>Marcel apresentou tamb\u00e9m Requerimento &#8211; aprovado pelos 9 parlamentares presentes \u00e0 sess\u00e3o naquele momento &#8211; solicitando que a C\u00e2mara publique Nota P\u00fablica repudiando o incidente e refor\u00e7ando, como Poder Legislativo, a defesa da democracia.<\/p>\n<p>J\u00e1 ap\u00f3s o final da sess\u00e3o, o Blog flagrou um clima tenso entre o petista e um colega &#8211; tamb\u00e9m candidato a uma cadeira na Alerj &#8211; ainda em plen\u00e1rio.<\/p>\n","protected":false},"excerpt":{"rendered":"<p>Conforme o Blog antecipou ontem, 1, na sess\u00e3o desta ter\u00e7a-feira, Marcel Silvano (PT) discursou em plen\u00e1rio e voltou a denunciar ter sido proibido pelo tr\u00e1fico de drogas de caminhar e panfletar numa comunidade da periferia de Maca\u00e9. O incidente ocorreu no \u00faltimo s\u00e1bado. Al\u00e9m de afirmar se tratar de uma viol\u00eancia \u00e0 democracia, o petista [&hellip;]<\/p>\n","protected":false},"author":2,"featured_media":2789,"comment_status":"open","ping_status":"open","sticky":false,"template":"","format":"standard","meta":{"footnotes":""},"categories":[60,432,9,2],"tags":[122,39,852,843],"class_list":["post-2788","post","type-post","status-publish","format-standard","has-post-thumbnail","hentry","category-brasil","category-eleicoes-2018","category-estado","category-macae","tag-alerj","tag-marcel","tag-proibicao","tag-trafico"],"_links":{"self":[{"href":"https:\/\/blogdodanielgalvao.com.br\/site\/wp-json\/wp\/v2\/posts\/2788","targetHints":{"allow":["GET"]}}],"collection":[{"href":"https:\/\/blogdodanielgalvao.com.br\/site\/wp-json\/wp\/v2\/posts"}],"about":[{"href":"https:\/\/blogdodanielgalvao.com.br\/site\/wp-json\/wp\/v2\/types\/post"}],"author":[{"embeddable":true,"href":"https:\/\/blogdodanielgalvao.com.br\/site\/wp-json\/wp\/v2\/users\/2"}],"replies":[{"embeddable":true,"href":"https:\/\/blogdodanielgalvao.com.br\/site\/wp-json\/wp\/v2\/comments?post=2788"}],"version-history":[{"count":1,"href":"https:\/\/blogdodanielgalvao.com.br\/site\/wp-json\/wp\/v2\/posts\/2788\/revisions"}],"predecessor-version":[{"id":2790,"href":"https:\/\/blogdodanielgalvao.com.br\/site\/wp-json\/wp\/v2\/posts\/2788\/revisions\/2790"}],"wp:featuredmedia":[{"embeddable":true,"href":"https:\/\/blogdodanielgalvao.com.br\/site\/wp-json\/wp\/v2\/media\/2789"}],"wp:attachment":[{"href":"https:\/\/blogdodanielgalvao.com.br\/site\/wp-json\/wp\/v2\/media?parent=2788"}],"wp:term":[{"taxonomy":"category","embeddable":true,"href":"https:\/\/blogdodanielgalvao.com.br\/site\/wp-json\/wp\/v2\/categories?post=2788"},{"taxonomy":"post_tag","embeddable":true,"href":"https:\/\/blogdodanielgalvao.com.br\/site\/wp-json\/wp\/v2\/tags?post=2788"}],"curies":[{"name":"wp","href":"https:\/\/api.w.org\/{rel}","templated":true}]}}