{"id":27403,"date":"2025-11-29T09:34:00","date_gmt":"2025-11-29T12:34:00","guid":{"rendered":"https:\/\/blogdodanielgalvao.com.br\/site\/?p=27403"},"modified":"2025-11-29T15:37:24","modified_gmt":"2025-11-29T18:37:24","slug":"arraial-do-cabo-explora-potencial-cientifico-do-manguezal-de-monte-alto","status":"publish","type":"post","link":"https:\/\/blogdodanielgalvao.com.br\/site\/arraial-do-cabo-explora-potencial-cientifico-do-manguezal-de-monte-alto\/","title":{"rendered":"Arraial do Cabo explora potencial cient\u00edfico do manguezal de Monte Alto"},"content":{"rendered":"\n<p>Equipes da Secretaria do Ambiente e Saneamento e da Universidade do Estado do Rio de Janeiro realizaram uma atividade de campo no manguezal de Monte Alto nesta quinta-feira (27). O objetivo foi apresentar aos estudantes a \u00e1rea onde ser\u00e3o desenvolvidos os pr\u00f3ximos estudos em conjunto com a Prefeitura de Arraial do Cabo<\/p>\n\n\n\n<p>O espa\u00e7o, conhecido d\u00e9cadas atr\u00e1s pelos passeios de jangada, segue aberto \u00e0 visita\u00e7\u00e3o pela Rota Cabista, mas ainda pouco frequentado. Mesmo assim, o manguezal mant\u00e9m atributos ambientais importantes para an\u00e1lises cient\u00edficas e acompanhamento da fauna e flora locais.<\/p>\n\n\n\n<p>Durante a caminhada, os alunos identificaram esp\u00e9cies t\u00edpicas desse tipo de ecossistema, entre elas o mangue preto, o mangue branco e diversas gar\u00e7as que utilizam a regi\u00e3o como ponto de repouso e alimenta\u00e7\u00e3o.<\/p>\n\n\n\n<p>Na mesma atividade, a equipe instalou uma c\u00e2mera trap destinada ao monitoramento da fauna na Reserva Biol\u00f3gica do Brejo Jardim e das Orqu\u00eddeas. A expectativa \u00e9 registrar animais como o m\u00e3o-pelada, semelhante ao guaxinim e at\u00e9 ent\u00e3o visto apenas por rastros. O equipamento tamb\u00e9m deve captar imagens de aves e pequenos mam\u00edferos que circulam pela \u00e1rea.<\/p>\n\n\n\n<p>Com a c\u00e2mera em opera\u00e7\u00e3o, a previs\u00e3o \u00e9 que os primeiros registros dos moradores naturais do brejo comecem a surgir, permitindo que novas imagens sejam futuramente compartilhadas com&nbsp;a&nbsp;comunidade.&nbsp;&nbsp;&nbsp;<\/p>\n","protected":false},"excerpt":{"rendered":"<p>Equipes da Secretaria do Ambiente e Saneamento e da Universidade do Estado do Rio de Janeiro realizaram uma atividade de campo no manguezal de Monte Alto nesta quinta-feira (27). O objetivo foi apresentar aos estudantes a \u00e1rea onde ser\u00e3o desenvolvidos os pr\u00f3ximos estudos em conjunto com a Prefeitura de Arraial do Cabo O espa\u00e7o, conhecido [&hellip;]<\/p>\n","protected":false},"author":2,"featured_media":27404,"comment_status":"open","ping_status":"open","sticky":false,"template":"","format":"standard","meta":{"footnotes":""},"categories":[838],"tags":[],"class_list":["post-27403","post","type-post","status-publish","format-standard","has-post-thumbnail","hentry","category-arraial-do-cabo"],"_links":{"self":[{"href":"https:\/\/blogdodanielgalvao.com.br\/site\/wp-json\/wp\/v2\/posts\/27403","targetHints":{"allow":["GET"]}}],"collection":[{"href":"https:\/\/blogdodanielgalvao.com.br\/site\/wp-json\/wp\/v2\/posts"}],"about":[{"href":"https:\/\/blogdodanielgalvao.com.br\/site\/wp-json\/wp\/v2\/types\/post"}],"author":[{"embeddable":true,"href":"https:\/\/blogdodanielgalvao.com.br\/site\/wp-json\/wp\/v2\/users\/2"}],"replies":[{"embeddable":true,"href":"https:\/\/blogdodanielgalvao.com.br\/site\/wp-json\/wp\/v2\/comments?post=27403"}],"version-history":[{"count":1,"href":"https:\/\/blogdodanielgalvao.com.br\/site\/wp-json\/wp\/v2\/posts\/27403\/revisions"}],"predecessor-version":[{"id":27405,"href":"https:\/\/blogdodanielgalvao.com.br\/site\/wp-json\/wp\/v2\/posts\/27403\/revisions\/27405"}],"wp:featuredmedia":[{"embeddable":true,"href":"https:\/\/blogdodanielgalvao.com.br\/site\/wp-json\/wp\/v2\/media\/27404"}],"wp:attachment":[{"href":"https:\/\/blogdodanielgalvao.com.br\/site\/wp-json\/wp\/v2\/media?parent=27403"}],"wp:term":[{"taxonomy":"category","embeddable":true,"href":"https:\/\/blogdodanielgalvao.com.br\/site\/wp-json\/wp\/v2\/categories?post=27403"},{"taxonomy":"post_tag","embeddable":true,"href":"https:\/\/blogdodanielgalvao.com.br\/site\/wp-json\/wp\/v2\/tags?post=27403"}],"curies":[{"name":"wp","href":"https:\/\/api.w.org\/{rel}","templated":true}]}}