{"id":27400,"date":"2025-11-29T09:26:00","date_gmt":"2025-11-29T12:26:00","guid":{"rendered":"https:\/\/blogdodanielgalvao.com.br\/site\/?p=27400"},"modified":"2025-11-29T15:31:10","modified_gmt":"2025-11-29T18:31:10","slug":"arraial-do-cabo-prorroga-inscricoes-do-bolsa-atleta-ate-12-de-dezembro","status":"publish","type":"post","link":"https:\/\/blogdodanielgalvao.com.br\/site\/arraial-do-cabo-prorroga-inscricoes-do-bolsa-atleta-ate-12-de-dezembro\/","title":{"rendered":"Arraial do Cabo prorroga inscri\u00e7\u00f5es do Bolsa Atleta at\u00e9 12 de dezembro"},"content":{"rendered":"\n<p>A Subsecretaria de Esporte e Lazer de Arraial do Cabo decidiu ampliar o prazo de inscri\u00e7\u00f5es do Programa Bolsa Atleta. Antes previsto para ocorrer entre 11 de novembro e 2 de dezembro, o per\u00edodo agora segue aberto at\u00e9 12 de dezembro, \u00e0s 17h.<\/p>\n\n\n\n<p>Podem participar atletas que atendam aos seguintes crit\u00e9rios: estar em atividade e vinculados a uma federa\u00e7\u00e3o em 2025; comprovar resid\u00eancia fixa no munic\u00edpio por, no m\u00ednimo, 24 meses; e ter alcan\u00e7ado coloca\u00e7\u00e3o entre o 1\u00ba e o 5\u00ba lugar em competi\u00e7\u00f5es estaduais, nacionais ou internacionais realizadas ao longo de 2024.<\/p>\n\n\n\n<p>As inscri\u00e7\u00f5es devem ser feitas presencialmente no Protocolo Geral da Prefeitura de Arraial do Cabo, situado na Avenida da Liberdade, s\/n, no Centro.&nbsp;&nbsp;&nbsp;<\/p>\n\n\n\n<p><strong>Vagas e processo de sele\u00e7\u00e3o&nbsp;&nbsp;&nbsp;<\/strong><\/p>\n\n\n\n<p>O programa disponibiliza 34 vagas, que ser\u00e3o preenchidas ap\u00f3s an\u00e1lise da documenta\u00e7\u00e3o e avalia\u00e7\u00e3o de m\u00e9rito esportivo, conforme crit\u00e9rios definidos em edital.<\/p>\n\n\n\n<p>Os atletas e paratletas selecionados poder\u00e3o usar o benef\u00edcio para custear despesas relacionadas \u00e0 pr\u00e1tica esportiva, como taxas de inscri\u00e7\u00e3o, transporte, alimenta\u00e7\u00e3o, suplementa\u00e7\u00e3o, servi\u00e7os de sa\u00fade e outros custos essenciais para o desempenho de suas&nbsp;atividades.&nbsp;&nbsp;&nbsp;<\/p>\n","protected":false},"excerpt":{"rendered":"<p>A Subsecretaria de Esporte e Lazer de Arraial do Cabo decidiu ampliar o prazo de inscri\u00e7\u00f5es do Programa Bolsa Atleta. Antes previsto para ocorrer entre 11 de novembro e 2 de dezembro, o per\u00edodo agora segue aberto at\u00e9 12 de dezembro, \u00e0s 17h. Podem participar atletas que atendam aos seguintes crit\u00e9rios: estar em atividade e [&hellip;]<\/p>\n","protected":false},"author":2,"featured_media":27401,"comment_status":"open","ping_status":"open","sticky":false,"template":"","format":"standard","meta":{"footnotes":""},"categories":[838,2981],"tags":[],"class_list":["post-27400","post","type-post","status-publish","format-standard","has-post-thumbnail","hentry","category-arraial-do-cabo","category-destaque-noticia-3"],"_links":{"self":[{"href":"https:\/\/blogdodanielgalvao.com.br\/site\/wp-json\/wp\/v2\/posts\/27400","targetHints":{"allow":["GET"]}}],"collection":[{"href":"https:\/\/blogdodanielgalvao.com.br\/site\/wp-json\/wp\/v2\/posts"}],"about":[{"href":"https:\/\/blogdodanielgalvao.com.br\/site\/wp-json\/wp\/v2\/types\/post"}],"author":[{"embeddable":true,"href":"https:\/\/blogdodanielgalvao.com.br\/site\/wp-json\/wp\/v2\/users\/2"}],"replies":[{"embeddable":true,"href":"https:\/\/blogdodanielgalvao.com.br\/site\/wp-json\/wp\/v2\/comments?post=27400"}],"version-history":[{"count":1,"href":"https:\/\/blogdodanielgalvao.com.br\/site\/wp-json\/wp\/v2\/posts\/27400\/revisions"}],"predecessor-version":[{"id":27402,"href":"https:\/\/blogdodanielgalvao.com.br\/site\/wp-json\/wp\/v2\/posts\/27400\/revisions\/27402"}],"wp:featuredmedia":[{"embeddable":true,"href":"https:\/\/blogdodanielgalvao.com.br\/site\/wp-json\/wp\/v2\/media\/27401"}],"wp:attachment":[{"href":"https:\/\/blogdodanielgalvao.com.br\/site\/wp-json\/wp\/v2\/media?parent=27400"}],"wp:term":[{"taxonomy":"category","embeddable":true,"href":"https:\/\/blogdodanielgalvao.com.br\/site\/wp-json\/wp\/v2\/categories?post=27400"},{"taxonomy":"post_tag","embeddable":true,"href":"https:\/\/blogdodanielgalvao.com.br\/site\/wp-json\/wp\/v2\/tags?post=27400"}],"curies":[{"name":"wp","href":"https:\/\/api.w.org\/{rel}","templated":true}]}}