{"id":27153,"date":"2025-11-24T20:21:33","date_gmt":"2025-11-24T23:21:33","guid":{"rendered":"https:\/\/blogdodanielgalvao.com.br\/site\/?p=27153"},"modified":"2025-11-24T20:21:37","modified_gmt":"2025-11-24T23:21:37","slug":"conferencia-elege-novos-membros-do-cmpop-de-rio-das-ostras-nesse-sabado-23","status":"publish","type":"post","link":"https:\/\/blogdodanielgalvao.com.br\/site\/conferencia-elege-novos-membros-do-cmpop-de-rio-das-ostras-nesse-sabado-23\/","title":{"rendered":"Confer\u00eancia elege novos membros do CMPOP de Rio das Ostras nesse s\u00e1bado (23)"},"content":{"rendered":"\n<p>A Prefeitura de Rio das Ostras anunciou, nessa segunda-feira, 24, a realiza\u00e7\u00e3o da sua X Confer\u00eancia Municipal de Planejamento e Or\u00e7amento Participativo, que acontece no pr\u00f3ximo s\u00e1bado, 29, na Escola Municipal Francisco de Assis Medeiros Rangel, no Parque Zabul\u00e3o.<\/p>\n\n\n\n<p>O evento promete reunir autoridades e representantes da sociedade civil para definir os rumos or\u00e7ament\u00e1rios do munic\u00edpio, al\u00e9m de eleger os novos membros do Conselho Municipal de Planejamento e Or\u00e7amento Participativo (CMPOP) para 2026-2027.<\/p>\n\n\n\n<p>A prefeitura lembra que, para garantir a participa\u00e7\u00e3o na vota\u00e7\u00e3o, os interessados devem realizar o credenciamento no dia e local do evento, das 8h e 9h30, apresentando documento de identidade e comprovante de resid\u00eancia.<\/p>\n\n\n\n<p>J\u00e1 para os representantes de associa\u00e7\u00f5es de moradores, o credenciamento requer ainda um documento de comprova\u00e7\u00e3o da representatividade da entidade, com Cadastro Nacional da Pessoa Jur\u00eddica (CNPJ) e c\u00f3pia da ata da diretoria.<\/p>\n\n\n\n<p>Prevista para acontecer das 8h \u00e0s 12h15, a Confer\u00eancia tem na programa\u00e7\u00e3o uma abertura com a palestra \u201cOr\u00e7amento Participativo e Gest\u00e3o Or\u00e7ament\u00e1ria Participativa: institucionaliza\u00e7\u00e3o e desafios da participa\u00e7\u00e3o popular no ciclo or\u00e7ament\u00e1rio\u201d, ministrada pelo professor e doutor em Sociologia Pol\u00edtica, Nilo Azevedo, na Universidade Estadual do Norte Fluminense Darcy Ribeiro (UENF).<\/p>\n\n\n\n<p>Na sequ\u00eancia, a programa\u00e7\u00e3o prev\u00ea um momento para manifesta\u00e7\u00f5es dos participantes, refor\u00e7ando o car\u00e1ter democr\u00e1tico do encontro, com a elei\u00e7\u00e3o dos conselheiros do CMPOP considerada o ponto do encontro.<\/p>\n\n\n\n<p>\u201cOs novos membros eleitos ter\u00e3o a responsabilidade de fiscalizar e contribuir ativamente para a formula\u00e7\u00e3o do or\u00e7amento, levando as demandas da popula\u00e7\u00e3o \u00e0 administra\u00e7\u00e3o municipal\u201d, ressalta a prefeitura.<\/p>\n\n\n\n<p>A X Confer\u00eancia Municipal de Planejamento e Or\u00e7amento Participativo de Rio das Ostras acontece nesse s\u00e1bado, 29, das 8h \u00e0s 12h15, na Escola Municipal Francisco de Assis Medeiros Rangel, que fica na Rua Bangu, 1.615, no Parque Zabul\u00e3o.<\/p>\n","protected":false},"excerpt":{"rendered":"<p>A Prefeitura de Rio das Ostras anunciou, nessa segunda-feira, 24, a realiza\u00e7\u00e3o da sua X Confer\u00eancia Municipal de Planejamento e Or\u00e7amento Participativo, que acontece no pr\u00f3ximo s\u00e1bado, 29, na Escola Municipal Francisco de Assis Medeiros Rangel, no Parque Zabul\u00e3o. O evento promete reunir autoridades e representantes da sociedade civil para definir os rumos or\u00e7ament\u00e1rios do [&hellip;]<\/p>\n","protected":false},"author":2,"featured_media":27154,"comment_status":"open","ping_status":"open","sticky":false,"template":"","format":"standard","meta":{"footnotes":""},"categories":[4],"tags":[],"class_list":["post-27153","post","type-post","status-publish","format-standard","has-post-thumbnail","hentry","category-rio-das-ostras"],"_links":{"self":[{"href":"https:\/\/blogdodanielgalvao.com.br\/site\/wp-json\/wp\/v2\/posts\/27153","targetHints":{"allow":["GET"]}}],"collection":[{"href":"https:\/\/blogdodanielgalvao.com.br\/site\/wp-json\/wp\/v2\/posts"}],"about":[{"href":"https:\/\/blogdodanielgalvao.com.br\/site\/wp-json\/wp\/v2\/types\/post"}],"author":[{"embeddable":true,"href":"https:\/\/blogdodanielgalvao.com.br\/site\/wp-json\/wp\/v2\/users\/2"}],"replies":[{"embeddable":true,"href":"https:\/\/blogdodanielgalvao.com.br\/site\/wp-json\/wp\/v2\/comments?post=27153"}],"version-history":[{"count":1,"href":"https:\/\/blogdodanielgalvao.com.br\/site\/wp-json\/wp\/v2\/posts\/27153\/revisions"}],"predecessor-version":[{"id":27155,"href":"https:\/\/blogdodanielgalvao.com.br\/site\/wp-json\/wp\/v2\/posts\/27153\/revisions\/27155"}],"wp:featuredmedia":[{"embeddable":true,"href":"https:\/\/blogdodanielgalvao.com.br\/site\/wp-json\/wp\/v2\/media\/27154"}],"wp:attachment":[{"href":"https:\/\/blogdodanielgalvao.com.br\/site\/wp-json\/wp\/v2\/media?parent=27153"}],"wp:term":[{"taxonomy":"category","embeddable":true,"href":"https:\/\/blogdodanielgalvao.com.br\/site\/wp-json\/wp\/v2\/categories?post=27153"},{"taxonomy":"post_tag","embeddable":true,"href":"https:\/\/blogdodanielgalvao.com.br\/site\/wp-json\/wp\/v2\/tags?post=27153"}],"curies":[{"name":"wp","href":"https:\/\/api.w.org\/{rel}","templated":true}]}}