{"id":27085,"date":"2025-11-21T16:01:37","date_gmt":"2025-11-21T19:01:37","guid":{"rendered":"https:\/\/blogdodanielgalvao.com.br\/site\/?p=27085"},"modified":"2025-11-21T16:01:44","modified_gmt":"2025-11-21T19:01:44","slug":"policia-prende-homem-guiando-moto-sem-placa-que-estava-sem-capacete-e-sem-cnh-em-rio-das-ostras","status":"publish","type":"post","link":"https:\/\/blogdodanielgalvao.com.br\/site\/policia-prende-homem-guiando-moto-sem-placa-que-estava-sem-capacete-e-sem-cnh-em-rio-das-ostras\/","title":{"rendered":"Pol\u00edcia prende homem guiando moto sem placa que estava sem capacete e sem CNH em Rio das Ostras"},"content":{"rendered":"\n<p>Uma pessoa foi detida em Rio das Ostras nessa quinta-feira, 20, feriado do Dia da Consci\u00eancia Negra, por conduzir uma motocicleta sem placa, e ainda por cima, estar sem capacete e sem Carteira Nacional de Habilita\u00e7\u00e3o (CNH).<\/p>\n\n\n\n<p>O caso aconteceu na tarde dessa quinta, na Cidade Beira Mar, quando policiais do 32\u00ba Batalh\u00e3o da Pol\u00edcia Militar (32\u00ba BPM) avistaram um homem sem capacete conduzindo uma moto sem placa, ordenando a parada imediata do ve\u00edculo.<\/p>\n\n\n\n<p>Durante a abordagem, os agentes descobriram que, al\u00e9m das duas infra\u00e7\u00f5es, consideradas grav\u00edssimas pelo C\u00f3digo de Tr\u00e2nsito Brasileiro (CTB), o homem tamb\u00e9m n\u00e3o possu\u00eda uma CNH, resultando na deten\u00e7\u00e3o dele e na apreens\u00e3o do ve\u00edculo.<\/p>\n\n\n\n<p>De acordo com o 32\u00ba BPM, a a\u00e7\u00e3o contou com o apoio da Guarda Municipal, que auxiliou no transporte do homem e da moto para a 128\u00aa Delegacia de Pol\u00edcia Civil (128\u00aa DP), de Rio das Ostras, onde o caso foi registrado.<\/p>\n\n\n\n<p>Al\u00e9m das duas infra\u00e7\u00f5es grav\u00edssimas, que teriam rendido 14 pontos na carteira, caso ele tivesse uma, o homem foi acusado pelo crime de adultera\u00e7\u00e3o ou remarca\u00e7\u00e3o de sinal identificador de ve\u00edculos, com base no artigo 311 do C\u00f3digo Penal, sem concess\u00e3o de fian\u00e7a.<\/p>\n\n\n\n<p>\u201cO indiv\u00edduo permanecer\u00e1 detido \u00e0 disposi\u00e7\u00e3o da Justi\u00e7a, enquanto a motocicleta segue apreendida para as devidas provid\u00eancias legais\u201d, detalhou a PM.<\/p>\n","protected":false},"excerpt":{"rendered":"<p>Uma pessoa foi detida em Rio das Ostras nessa quinta-feira, 20, feriado do Dia da Consci\u00eancia Negra, por conduzir uma motocicleta sem placa, e ainda por cima, estar sem capacete e sem Carteira Nacional de Habilita\u00e7\u00e3o (CNH). O caso aconteceu na tarde dessa quinta, na Cidade Beira Mar, quando policiais do 32\u00ba Batalh\u00e3o da Pol\u00edcia [&hellip;]<\/p>\n","protected":false},"author":2,"featured_media":27086,"comment_status":"open","ping_status":"open","sticky":false,"template":"","format":"standard","meta":{"footnotes":""},"categories":[1899],"tags":[],"class_list":["post-27085","post","type-post","status-publish","format-standard","has-post-thumbnail","hentry","category-policia"],"_links":{"self":[{"href":"https:\/\/blogdodanielgalvao.com.br\/site\/wp-json\/wp\/v2\/posts\/27085","targetHints":{"allow":["GET"]}}],"collection":[{"href":"https:\/\/blogdodanielgalvao.com.br\/site\/wp-json\/wp\/v2\/posts"}],"about":[{"href":"https:\/\/blogdodanielgalvao.com.br\/site\/wp-json\/wp\/v2\/types\/post"}],"author":[{"embeddable":true,"href":"https:\/\/blogdodanielgalvao.com.br\/site\/wp-json\/wp\/v2\/users\/2"}],"replies":[{"embeddable":true,"href":"https:\/\/blogdodanielgalvao.com.br\/site\/wp-json\/wp\/v2\/comments?post=27085"}],"version-history":[{"count":2,"href":"https:\/\/blogdodanielgalvao.com.br\/site\/wp-json\/wp\/v2\/posts\/27085\/revisions"}],"predecessor-version":[{"id":27088,"href":"https:\/\/blogdodanielgalvao.com.br\/site\/wp-json\/wp\/v2\/posts\/27085\/revisions\/27088"}],"wp:featuredmedia":[{"embeddable":true,"href":"https:\/\/blogdodanielgalvao.com.br\/site\/wp-json\/wp\/v2\/media\/27086"}],"wp:attachment":[{"href":"https:\/\/blogdodanielgalvao.com.br\/site\/wp-json\/wp\/v2\/media?parent=27085"}],"wp:term":[{"taxonomy":"category","embeddable":true,"href":"https:\/\/blogdodanielgalvao.com.br\/site\/wp-json\/wp\/v2\/categories?post=27085"},{"taxonomy":"post_tag","embeddable":true,"href":"https:\/\/blogdodanielgalvao.com.br\/site\/wp-json\/wp\/v2\/tags?post=27085"}],"curies":[{"name":"wp","href":"https:\/\/api.w.org\/{rel}","templated":true}]}}