{"id":26846,"date":"2025-11-16T14:22:34","date_gmt":"2025-11-16T17:22:34","guid":{"rendered":"https:\/\/blogdodanielgalvao.com.br\/site\/?p=26846"},"modified":"2025-11-16T14:23:12","modified_gmt":"2025-11-16T17:23:12","slug":"macae-reforca-protagonismo-ambiental-ao-sediar-o-8o-encontro-fluminense-de-arborizacao","status":"publish","type":"post","link":"https:\/\/blogdodanielgalvao.com.br\/site\/macae-reforca-protagonismo-ambiental-ao-sediar-o-8o-encontro-fluminense-de-arborizacao\/","title":{"rendered":"Maca\u00e9 refor\u00e7a protagonismo ambiental ao sediar o 8\u00ba Encontro Fluminense de Arboriza\u00e7\u00e3o"},"content":{"rendered":"\n<p>Maca\u00e9 foi escolhida para sediar um dos encontros nacionais mais importantes voltados \u00e0 arboriza\u00e7\u00e3o urbana. Trata-se do 8\u00ba Encontro Fluminense de Arboriza\u00e7\u00e3o Urbana (Efau), que ser\u00e1 realizado no munic\u00edpio de 3 a 5 de dezembro. O evento ser\u00e1 promovido pela Associa\u00e7\u00e3o Profissional dos Engenheiros Florestais do Estado do Rio de Janeiro (Apeferj) e pela Sociedade Brasileira de Arboriza\u00e7\u00e3o Urbana (SBAU).<\/p>\n\n\n\n<p>A Prefeitura de Maca\u00e9 est\u00e1 recebendo inscri\u00e7\u00f5es para o evento. Elas continuaram dispon\u00edveis at\u00e9 o dia 28 de novembro, por meio de um link dispon\u00edvel no portal. Cabe lembrar que as vagas ser\u00e3o limitadas. O evento tem apoio da Secretaria Municipal de Ambiente, Sustentabilidade e Clima de Maca\u00e9.<\/p>\n\n\n\n<p>A programa\u00e7\u00e3o contar\u00e1 com atividades no Pa\u00e7o Municipal e no Mercure Maca\u00e9 Hotel. Segundo informa\u00e7\u00f5es, a cidade ser\u00e1 reconhecida como a \u201ccapital das cidades verdes\u201d durante a realiza\u00e7\u00e3o do evento.<\/p>\n\n\n\n<p>O Efau reunir\u00e1 profissionais, gestores e estudantes de v\u00e1rias partes do pa\u00eds em uma programa\u00e7\u00e3o diversificada, que inclui minicursos como Avalia\u00e7\u00e3o de Risco em \u00c1rvores e Avalia\u00e7\u00e3o de \u00c1rvores com Drones.<\/p>\n\n\n\n<p>O secret\u00e1rio de Ambiente de Maca\u00e9, Phelipe Salgado, destacou que a iniciativa busca fomentar o debate t\u00e9cnico e ampliar a troca de experi\u00eancias sobre pr\u00e1ticas inovadoras de arboriza\u00e7\u00e3o urbana, fortalecendo o papel de Maca\u00e9 como refer\u00eancia nacional no tema.<\/p>\n\n\n\n<p>&#8220;Este 8\u00ba Efau promete consolidar Maca\u00e9 como palco de visibilidade e inova\u00e7\u00e3o na \u00e1rea de arboriza\u00e7\u00e3o urbana, refor\u00e7ando o compromisso da cidade com o desenvolvimento sustent\u00e1vel e a qualidade de vida&#8221;, concluiu Salgado.<\/p>\n","protected":false},"excerpt":{"rendered":"<p>Maca\u00e9 foi escolhida para sediar um dos encontros nacionais mais importantes voltados \u00e0 arboriza\u00e7\u00e3o urbana. Trata-se do 8\u00ba Encontro Fluminense de Arboriza\u00e7\u00e3o Urbana (Efau), que ser\u00e1 realizado no munic\u00edpio de 3 a 5 de dezembro. O evento ser\u00e1 promovido pela Associa\u00e7\u00e3o Profissional dos Engenheiros Florestais do Estado do Rio de Janeiro (Apeferj) e pela Sociedade [&hellip;]<\/p>\n","protected":false},"author":2,"featured_media":26847,"comment_status":"open","ping_status":"open","sticky":false,"template":"","format":"standard","meta":{"footnotes":""},"categories":[2978,2],"tags":[],"class_list":["post-26846","post","type-post","status-publish","format-standard","has-post-thumbnail","hentry","category-destaques-topo","category-macae"],"_links":{"self":[{"href":"https:\/\/blogdodanielgalvao.com.br\/site\/wp-json\/wp\/v2\/posts\/26846","targetHints":{"allow":["GET"]}}],"collection":[{"href":"https:\/\/blogdodanielgalvao.com.br\/site\/wp-json\/wp\/v2\/posts"}],"about":[{"href":"https:\/\/blogdodanielgalvao.com.br\/site\/wp-json\/wp\/v2\/types\/post"}],"author":[{"embeddable":true,"href":"https:\/\/blogdodanielgalvao.com.br\/site\/wp-json\/wp\/v2\/users\/2"}],"replies":[{"embeddable":true,"href":"https:\/\/blogdodanielgalvao.com.br\/site\/wp-json\/wp\/v2\/comments?post=26846"}],"version-history":[{"count":1,"href":"https:\/\/blogdodanielgalvao.com.br\/site\/wp-json\/wp\/v2\/posts\/26846\/revisions"}],"predecessor-version":[{"id":26848,"href":"https:\/\/blogdodanielgalvao.com.br\/site\/wp-json\/wp\/v2\/posts\/26846\/revisions\/26848"}],"wp:featuredmedia":[{"embeddable":true,"href":"https:\/\/blogdodanielgalvao.com.br\/site\/wp-json\/wp\/v2\/media\/26847"}],"wp:attachment":[{"href":"https:\/\/blogdodanielgalvao.com.br\/site\/wp-json\/wp\/v2\/media?parent=26846"}],"wp:term":[{"taxonomy":"category","embeddable":true,"href":"https:\/\/blogdodanielgalvao.com.br\/site\/wp-json\/wp\/v2\/categories?post=26846"},{"taxonomy":"post_tag","embeddable":true,"href":"https:\/\/blogdodanielgalvao.com.br\/site\/wp-json\/wp\/v2\/tags?post=26846"}],"curies":[{"name":"wp","href":"https:\/\/api.w.org\/{rel}","templated":true}]}}