{"id":26754,"date":"2025-11-13T16:33:00","date_gmt":"2025-11-13T19:33:00","guid":{"rendered":"https:\/\/blogdodanielgalvao.com.br\/site\/?p=26754"},"modified":"2025-11-13T16:33:06","modified_gmt":"2025-11-13T19:33:06","slug":"cabo-frio-reforca-sinalizacao-nas-avenidas-recem-asfaltadas","status":"publish","type":"post","link":"https:\/\/blogdodanielgalvao.com.br\/site\/cabo-frio-reforca-sinalizacao-nas-avenidas-recem-asfaltadas\/","title":{"rendered":"Cabo Frio refor\u00e7a sinaliza\u00e7\u00e3o nas avenidas rec\u00e9m-asfaltadas"},"content":{"rendered":"\n<p>A Prefeitura de Cabo Frio iniciou, na noite de ter\u00e7a-feira (11), a pintura das faixas de pedestres nas avenidas que receberam novo asfalto nos \u00faltimos meses, em parceria com o Governo do Estado. A a\u00e7\u00e3o, coordenada pela Secretaria de Mobilidade Urbana, ocorre sempre no per\u00edodo noturno, a partir das 20h, para reduzir impactos no fluxo de ve\u00edculos e garantir maior agilidade ao trabalho.<\/p>\n\n\n\n<p>Os servi\u00e7os come\u00e7aram pela Avenida Teixeira e Souza, com sinaliza\u00e7\u00e3o renovada em pontos de grande circula\u00e7\u00e3o, como nas proximidades do Supermercado Extra do Braga, Hortifruit, 1001\/Remmar, Gigalink\/Col\u00e9gio Zerohum, Drogaria Raia, esquina com a Rua Jo\u00e3o Pessoa, Casa do Som e Taco. Tamb\u00e9m receberam nova pintura a Avenida J\u00falia Kubitschek, em frente \u00e0 Secretaria de Educa\u00e7\u00e3o, e a Avenida Assun\u00e7\u00e3o, na altura do Bradesco.<\/p>\n\n\n\n<p>De acordo com a Secretaria, a pr\u00f3xima etapa abranger\u00e1 outras ruas e avenidas do munic\u00edpio, com o objetivo de padronizar a sinaliza\u00e7\u00e3o horizontal em toda a malha vi\u00e1ria.<\/p>\n\n\n\n<p>A manuten\u00e7\u00e3o das faixas de pedestres \u00e9 considerada essencial para garantir a seguran\u00e7a de condutores e pedestres, al\u00e9m de refor\u00e7ar o respeito \u00e0s normas de tr\u00e2nsito e melhorar a fluidez nas principais&nbsp;vias&nbsp;da&nbsp;cidade.<\/p>\n","protected":false},"excerpt":{"rendered":"<p>A Prefeitura de Cabo Frio iniciou, na noite de ter\u00e7a-feira (11), a pintura das faixas de pedestres nas avenidas que receberam novo asfalto nos \u00faltimos meses, em parceria com o Governo do Estado. A a\u00e7\u00e3o, coordenada pela Secretaria de Mobilidade Urbana, ocorre sempre no per\u00edodo noturno, a partir das 20h, para reduzir impactos no fluxo [&hellip;]<\/p>\n","protected":false},"author":2,"featured_media":26755,"comment_status":"open","ping_status":"open","sticky":false,"template":"","format":"standard","meta":{"footnotes":""},"categories":[340],"tags":[],"class_list":["post-26754","post","type-post","status-publish","format-standard","has-post-thumbnail","hentry","category-cabo-frio"],"_links":{"self":[{"href":"https:\/\/blogdodanielgalvao.com.br\/site\/wp-json\/wp\/v2\/posts\/26754","targetHints":{"allow":["GET"]}}],"collection":[{"href":"https:\/\/blogdodanielgalvao.com.br\/site\/wp-json\/wp\/v2\/posts"}],"about":[{"href":"https:\/\/blogdodanielgalvao.com.br\/site\/wp-json\/wp\/v2\/types\/post"}],"author":[{"embeddable":true,"href":"https:\/\/blogdodanielgalvao.com.br\/site\/wp-json\/wp\/v2\/users\/2"}],"replies":[{"embeddable":true,"href":"https:\/\/blogdodanielgalvao.com.br\/site\/wp-json\/wp\/v2\/comments?post=26754"}],"version-history":[{"count":1,"href":"https:\/\/blogdodanielgalvao.com.br\/site\/wp-json\/wp\/v2\/posts\/26754\/revisions"}],"predecessor-version":[{"id":26756,"href":"https:\/\/blogdodanielgalvao.com.br\/site\/wp-json\/wp\/v2\/posts\/26754\/revisions\/26756"}],"wp:featuredmedia":[{"embeddable":true,"href":"https:\/\/blogdodanielgalvao.com.br\/site\/wp-json\/wp\/v2\/media\/26755"}],"wp:attachment":[{"href":"https:\/\/blogdodanielgalvao.com.br\/site\/wp-json\/wp\/v2\/media?parent=26754"}],"wp:term":[{"taxonomy":"category","embeddable":true,"href":"https:\/\/blogdodanielgalvao.com.br\/site\/wp-json\/wp\/v2\/categories?post=26754"},{"taxonomy":"post_tag","embeddable":true,"href":"https:\/\/blogdodanielgalvao.com.br\/site\/wp-json\/wp\/v2\/tags?post=26754"}],"curies":[{"name":"wp","href":"https:\/\/api.w.org\/{rel}","templated":true}]}}