{"id":26748,"date":"2025-11-13T16:24:20","date_gmt":"2025-11-13T19:24:20","guid":{"rendered":"https:\/\/blogdodanielgalvao.com.br\/site\/?p=26748"},"modified":"2025-11-13T16:24:25","modified_gmt":"2025-11-13T19:24:25","slug":"arraial-do-cabo-simplifica-licenciamento-ambiental-para-negocios-de-baixo-impacto","status":"publish","type":"post","link":"https:\/\/blogdodanielgalvao.com.br\/site\/arraial-do-cabo-simplifica-licenciamento-ambiental-para-negocios-de-baixo-impacto\/","title":{"rendered":"Arraial do Cabo simplifica licenciamento ambiental para neg\u00f3cios de baixo impacto"},"content":{"rendered":"\n<p>Empreender em Arraial do Cabo ficou mais simples para quem atua em atividades de baixo impacto ambiental. A Prefeitura lan\u00e7ou, nesta quarta-feira (12), no audit\u00f3rio do IFRJ, a Licen\u00e7a Ambiental Comunicada (LAC), novo modelo digital de licenciamento criado pelo Decreto Municipal n\u00ba 4.477\/2025. A ferramenta moderniza o processo, reduz a burocracia e refor\u00e7a o compromisso do munic\u00edpio com o desenvolvimento sustent\u00e1vel.<\/p>\n\n\n\n<p>O lan\u00e7amento reuniu representantes da Prefeitura, empreendedores e especialistas da \u00e1rea ambiental. A LAC permitir\u00e1 que neg\u00f3cios com baixo potencial poluidor obtenham autoriza\u00e7\u00e3o para viabilidade, instala\u00e7\u00e3o e opera\u00e7\u00e3o de forma mais \u00e1gil, desde que cumpram os crit\u00e9rios definidos pela Secretaria do Ambiente e Saneamento.<\/p>\n\n\n\n<p>A expectativa \u00e9 que cerca de 270 empreendimentos do munic\u00edpio possam ser beneficiados pela nova modalidade, facilitando a regulariza\u00e7\u00e3o e incentivando a formaliza\u00e7\u00e3o de atividades que antes enfrentavam entraves administrativos.<\/p>\n\n\n\n<p>N\u00e3o est\u00e3o inclu\u00eddas no novo formato as atividades localizadas em Unidades de Conserva\u00e7\u00e3o, que envolvam desmembramento de \u00e1reas, uso de recursos h\u00eddricos ou supress\u00e3o de vegeta\u00e7\u00e3o, entre outros casos que exigem licen\u00e7as espec\u00edficas.<\/p>\n\n\n\n<p>Com o novo sistema, o tempo de an\u00e1lise dos processos ser\u00e1 reduzido, garantindo agilidade sem comprometer a seguran\u00e7a ambiental. A iniciativa coloca Arraial do Cabo na vanguarda regional da moderniza\u00e7\u00e3o administrativa e da gest\u00e3o respons\u00e1vel dos recursos naturais, refor\u00e7ando o equil\u00edbrio entre crescimento econ\u00f4mico e preserva\u00e7\u00e3o&nbsp;ambiental.<\/p>\n","protected":false},"excerpt":{"rendered":"<p>Empreender em Arraial do Cabo ficou mais simples para quem atua em atividades de baixo impacto ambiental. A Prefeitura lan\u00e7ou, nesta quarta-feira (12), no audit\u00f3rio do IFRJ, a Licen\u00e7a Ambiental Comunicada (LAC), novo modelo digital de licenciamento criado pelo Decreto Municipal n\u00ba 4.477\/2025. A ferramenta moderniza o processo, reduz a burocracia e refor\u00e7a o compromisso [&hellip;]<\/p>\n","protected":false},"author":2,"featured_media":26749,"comment_status":"open","ping_status":"open","sticky":false,"template":"","format":"standard","meta":{"footnotes":""},"categories":[838],"tags":[],"class_list":["post-26748","post","type-post","status-publish","format-standard","has-post-thumbnail","hentry","category-arraial-do-cabo"],"_links":{"self":[{"href":"https:\/\/blogdodanielgalvao.com.br\/site\/wp-json\/wp\/v2\/posts\/26748","targetHints":{"allow":["GET"]}}],"collection":[{"href":"https:\/\/blogdodanielgalvao.com.br\/site\/wp-json\/wp\/v2\/posts"}],"about":[{"href":"https:\/\/blogdodanielgalvao.com.br\/site\/wp-json\/wp\/v2\/types\/post"}],"author":[{"embeddable":true,"href":"https:\/\/blogdodanielgalvao.com.br\/site\/wp-json\/wp\/v2\/users\/2"}],"replies":[{"embeddable":true,"href":"https:\/\/blogdodanielgalvao.com.br\/site\/wp-json\/wp\/v2\/comments?post=26748"}],"version-history":[{"count":1,"href":"https:\/\/blogdodanielgalvao.com.br\/site\/wp-json\/wp\/v2\/posts\/26748\/revisions"}],"predecessor-version":[{"id":26750,"href":"https:\/\/blogdodanielgalvao.com.br\/site\/wp-json\/wp\/v2\/posts\/26748\/revisions\/26750"}],"wp:featuredmedia":[{"embeddable":true,"href":"https:\/\/blogdodanielgalvao.com.br\/site\/wp-json\/wp\/v2\/media\/26749"}],"wp:attachment":[{"href":"https:\/\/blogdodanielgalvao.com.br\/site\/wp-json\/wp\/v2\/media?parent=26748"}],"wp:term":[{"taxonomy":"category","embeddable":true,"href":"https:\/\/blogdodanielgalvao.com.br\/site\/wp-json\/wp\/v2\/categories?post=26748"},{"taxonomy":"post_tag","embeddable":true,"href":"https:\/\/blogdodanielgalvao.com.br\/site\/wp-json\/wp\/v2\/tags?post=26748"}],"curies":[{"name":"wp","href":"https:\/\/api.w.org\/{rel}","templated":true}]}}