{"id":26720,"date":"2025-11-13T10:53:39","date_gmt":"2025-11-13T13:53:39","guid":{"rendered":"https:\/\/blogdodanielgalvao.com.br\/site\/?p=26720"},"modified":"2025-11-13T10:53:43","modified_gmt":"2025-11-13T13:53:43","slug":"carlos-augusto-comemora-anuncio-de-castro-contra-barricadas-do-trafico-apos-mais-uma-acao-da-pm-em-rio-das-ostras","status":"publish","type":"post","link":"https:\/\/blogdodanielgalvao.com.br\/site\/carlos-augusto-comemora-anuncio-de-castro-contra-barricadas-do-trafico-apos-mais-uma-acao-da-pm-em-rio-das-ostras\/","title":{"rendered":"Carlos Augusto comemora an\u00fancio de Castro contra barricadas do tr\u00e1fico ap\u00f3s mais uma a\u00e7\u00e3o da PM em Rio das Ostras"},"content":{"rendered":"\n<p><strong><em>Por Tunan Teixeira<\/em>\u00a0\u00a0\u00a0<\/strong><\/p>\n\n\n\n<p>    <\/p>\n\n\n\n<p>O prefeito de Rio das Ostras, Carlos Augusto (PL), usou as redes sociais nessa quarta-feira, 12, para falar sobre um problema que vem sendo tema recorrente de a\u00e7\u00f5es da Pol\u00edcia Militar na cidade, especialmente na regi\u00e3o do \u00c2ncora.<\/p>\n\n\n\n<p>Na publica\u00e7\u00e3o, que traz um trecho de um v\u00eddeo do governador Cl\u00e1udio Castro (PL), o prefeito fala sobre as chamadas \u201cbarricadas do tr\u00e1fico\u201d, pr\u00e1tica do crime para bloquear vias de comunidades, dificultando o acesso da PM, e com isso, prejudicando a acessibilidade de moradores.<\/p>\n\n\n\n<p>\u201cExcelente iniciativa do governador Cl\u00e1udio Castro&nbsp;ao anunciar um plano de combate \u00e0s barricadas. Esse \u00e9 um passo fundamental para garantir que o poder p\u00fablico esteja presente em todos os territ\u00f3rios, sem exce\u00e7\u00f5es\u201d, comentou Carlos Augusto.<\/p>\n\n\n\n<p>No trecho do v\u00eddeo publicado pelo prefeito de Rio das Ostras, o governador promete redobrar os esfor\u00e7os das for\u00e7as de seguran\u00e7a do Estado no que ele chama de \u201cluta incessante\u201d contra as barricadas.<\/p>\n\n\n\n<p>\u201cEu vou acabar com essas porcarias dessas barricadas no Rio. E quem voltar com elas, vai ser opera\u00e7\u00e3o no dia seguinte. Em primeiro lugar, impede o direito de ir vir. Morador, ele consegue passar, mas o morador que tem carro, nem ele consegue passar. Segundo, quando a pol\u00edcia chega, a pol\u00edcia fica presa na barricada. E ali \u00e9 um local de confronto claro. Naquela opera\u00e7\u00e3o do Jacarezinho, o 1\u00ba que morreu foi o Andr\u00e9, que foi nosso policial, e que estava tirando barricada. N\u00e3o tinha sido dado nenhum tiro. Tinha uma ponteira; o que s\u00e3o as ponteiras? S\u00e3o paredes que t\u00eam furos e os criminosos encaixam o fuzil na angula\u00e7\u00e3o de quem est\u00e1 tirando a barricada e s\u00f3 fica apertando o gatilho\u201d, afirmou Cl\u00e1udio Castro, na semana passada, em entrevista ao comediante Rog\u00e9rio Vilella, no podcast Intelig\u00eancia Ltda.<\/p>\n\n\n\n<p>A opera\u00e7\u00e3o citada pelo governador aconteceu no dia 6 de maio de 2021, na comunidade do Jacarezinho, na Zona Norte do Rio, terminando com 28 mortes e diversas pessoas feridas pelos intensos tiroteios daquela manh\u00e3, entre elas o policial militar Andr\u00e9 Frias, que levou um tiro na cabe\u00e7a enquanto tentava retirar barricadas do tr\u00e1fico e morreu no local.<\/p>\n\n\n\n<p>A preocupa\u00e7\u00e3o do prefeito de Rio das Ostras se justifica, j\u00e1 que, recentemente, policiais do 32\u00ba Batalh\u00e3o da PM (32\u00ba BPM), que faz a seguran\u00e7a de 6 munic\u00edpios da regi\u00e3o, entre eles Rio das Ostras, t\u00eam realizado repetidas opera\u00e7\u00f5es contra barricadas na regi\u00e3o do \u00c2ncora, colocando em risco a seguran\u00e7a dos agentes.<\/p>\n\n\n\n<p>\u201cA seguran\u00e7a n\u00e3o pode se concentrar apenas na capital, porque quando o Estado aperta o cerco l\u00e1, muitas vezes o interior sente o impacto da migra\u00e7\u00e3o da criminalidade. Rio das Ostras j\u00e1 viveu isso, e o governador tem sido firme ao n\u00e3o permitir que se repita. O investimento que o Estado tem feito em nossa cidade \u00e9 hist\u00f3rico. O programa Seguran\u00e7a Presente \u00e9 um exemplo claro desse compromisso com a vida, com a ordem e com a paz. A opera\u00e7\u00e3o realizada hoje (ter\u00e7a, 11) no \u00c2ncora \u00e9 uma mensagem forte e inequ\u00edvoca do governador: ningu\u00e9m vai impedir o poder p\u00fablico de cumprir sua miss\u00e3o. Rio das Ostras \u00e9 uma cidade de paz, de trabalhadores e de fam\u00edlias, e n\u00f3s n\u00e3o vamos permitir que a criminalidade tente subjugar a popula\u00e7\u00e3o de bem\u201d, escreveu Carlos Augusto.<\/p>\n","protected":false},"excerpt":{"rendered":"<p>Por Tunan Teixeira\u00a0\u00a0\u00a0 O prefeito de Rio das Ostras, Carlos Augusto (PL), usou as redes sociais nessa quarta-feira, 12, para falar sobre um problema que vem sendo tema recorrente de a\u00e7\u00f5es da Pol\u00edcia Militar na cidade, especialmente na regi\u00e3o do \u00c2ncora. Na publica\u00e7\u00e3o, que traz um trecho de um v\u00eddeo do governador Cl\u00e1udio Castro (PL), [&hellip;]<\/p>\n","protected":false},"author":2,"featured_media":26723,"comment_status":"open","ping_status":"open","sticky":false,"template":"","format":"standard","meta":{"footnotes":""},"categories":[2980,4],"tags":[],"class_list":["post-26720","post","type-post","status-publish","format-standard","has-post-thumbnail","hentry","category-destaque-noticia-2","category-rio-das-ostras"],"_links":{"self":[{"href":"https:\/\/blogdodanielgalvao.com.br\/site\/wp-json\/wp\/v2\/posts\/26720","targetHints":{"allow":["GET"]}}],"collection":[{"href":"https:\/\/blogdodanielgalvao.com.br\/site\/wp-json\/wp\/v2\/posts"}],"about":[{"href":"https:\/\/blogdodanielgalvao.com.br\/site\/wp-json\/wp\/v2\/types\/post"}],"author":[{"embeddable":true,"href":"https:\/\/blogdodanielgalvao.com.br\/site\/wp-json\/wp\/v2\/users\/2"}],"replies":[{"embeddable":true,"href":"https:\/\/blogdodanielgalvao.com.br\/site\/wp-json\/wp\/v2\/comments?post=26720"}],"version-history":[{"count":1,"href":"https:\/\/blogdodanielgalvao.com.br\/site\/wp-json\/wp\/v2\/posts\/26720\/revisions"}],"predecessor-version":[{"id":26724,"href":"https:\/\/blogdodanielgalvao.com.br\/site\/wp-json\/wp\/v2\/posts\/26720\/revisions\/26724"}],"wp:featuredmedia":[{"embeddable":true,"href":"https:\/\/blogdodanielgalvao.com.br\/site\/wp-json\/wp\/v2\/media\/26723"}],"wp:attachment":[{"href":"https:\/\/blogdodanielgalvao.com.br\/site\/wp-json\/wp\/v2\/media?parent=26720"}],"wp:term":[{"taxonomy":"category","embeddable":true,"href":"https:\/\/blogdodanielgalvao.com.br\/site\/wp-json\/wp\/v2\/categories?post=26720"},{"taxonomy":"post_tag","embeddable":true,"href":"https:\/\/blogdodanielgalvao.com.br\/site\/wp-json\/wp\/v2\/tags?post=26720"}],"curies":[{"name":"wp","href":"https:\/\/api.w.org\/{rel}","templated":true}]}}