{"id":26709,"date":"2025-11-13T10:16:44","date_gmt":"2025-11-13T13:16:44","guid":{"rendered":"https:\/\/blogdodanielgalvao.com.br\/site\/?p=26709"},"modified":"2025-11-13T10:48:30","modified_gmt":"2025-11-13T13:48:30","slug":"condetur-lanca-5-cursos-gratuitos-para-formar-novos-profissionais-do-turismo-750-vagas-abertas1","status":"publish","type":"post","link":"https:\/\/blogdodanielgalvao.com.br\/site\/condetur-lanca-5-cursos-gratuitos-para-formar-novos-profissionais-do-turismo-750-vagas-abertas1\/","title":{"rendered":"Condetur lan\u00e7a 5 cursos gratuitos para formar novos profissionais do turismo: 750 vagas abertas"},"content":{"rendered":"\n<p>A Costa do Sol, uma das regi\u00f5es tur\u00edsticas mais desejadas do estado do Rio de Janeiro, est\u00e1 investindo pesado na qualifica\u00e7\u00e3o profissional. O Conselho de Desenvolvimento Regional de Turismo (Condetur Costa do Sol) acaba de anunciar o lan\u00e7amento de 5 cursos gratuitos de capacita\u00e7\u00e3o, voltados para duas das \u00e1reas mais demandadas pelo setor: alimenta\u00e7\u00e3o e hospitalidade. As forma\u00e7\u00f5es contemplam as fun\u00e7\u00f5es de barman, gar\u00e7om, recepcionista de hotel, camareira de hotel e governanta de hotelaria, com um total de 750 vagas distribu\u00eddas entre oito munic\u00edpios.<\/p>\n\n\n\n<p>De acordo com o presidente do Condetur Costa do Sol, Marco Navega, a iniciativa \u00e9 uma resposta direta \u00e0 escassez de profissionais qualificados identificada nos principais destinos da regi\u00e3o. \u201cO turismo cresce, o n\u00famero de visitantes aumenta, mas ainda falta m\u00e3o de obra qualificada para garantir um atendimento \u00e0 altura. Nosso objetivo \u00e9 preparar pessoas para ocupar essas vagas e melhorar a experi\u00eancia dos turistas que visitam a Costa do Sol\u201d, afirma.<\/p>\n\n\n\n<p>Os cursos t\u00eam carga hor\u00e1ria total de 100 horas, sendo 40 horas na parte b\u00e1sica (online) e 60 horas na parte espec\u00edfica (em formato h\u00edbrido, com aulas online e presenciais). A proposta metodol\u00f3gica busca equilibrar flexibilidade e pr\u00e1tica, permitindo que o aluno aprenda no seu ritmo e, ao mesmo tempo, vivencie situa\u00e7\u00f5es reais do mercado de trabalho.<\/p>\n\n\n\n<p>A estrutura do projeto contempla 40 turmas distribu\u00eddas entre oito polos regionais: Cabo Frio, Arraial do Cabo, Maca\u00e9, Arma\u00e7\u00e3o dos B\u00fazios, Casimiro de Abreu, Saquarema, Maric\u00e1 e Rio das Ostras. Cada cidade contar\u00e1 com cinco turmas \u2014 uma para cada curso ofertado \u2014, servindo tamb\u00e9m como polo presencial de apoio pedag\u00f3gico e log\u00edstico.<\/p>\n\n\n\n<p>Capacita\u00e7\u00e3o para transformar o atendimento<\/p>\n\n\n\n<p>O projeto \u00e9 fruto de uma ampla escuta junto a empres\u00e1rios, conselhos e associa\u00e7\u00f5es locais de turismo, que apontaram car\u00eancia de forma\u00e7\u00e3o t\u00e9cnica em fun\u00e7\u00f5es operacionais essenciais. \u201cEssas fun\u00e7\u00f5es s\u00e3o a base da hospitalidade. Um bom gar\u00e7om, uma camareira treinada ou um recepcionista preparado fazem toda a diferen\u00e7a na percep\u00e7\u00e3o do turista sobre o destino\u201d, ressalta Navega.<\/p>\n\n\n\n<p>Estudos do Instituto Fecom\u00e9rcio de Pesquisas e An\u00e1lises (IFec RJ) mostram que o turismo fluminense movimenta mais de R$ 2 bilh\u00f5es por ano, sendo um dos principais motores da economia regional. O levantamento tamb\u00e9m indica que a hotelaria e a gastronomia est\u00e3o entre os setores que mais geram empregos formais, segundo dados do Novo CAGED, do Minist\u00e9rio do Trabalho e Emprego. A qualifica\u00e7\u00e3o, portanto, chega como um passo estrat\u00e9gico para sustentar esse crescimento.<\/p>\n\n\n\n<p>Al\u00e9m de ampliar o acesso \u00e0 forma\u00e7\u00e3o, o projeto traz um olhar social importante: 10% das vagas ser\u00e3o reservadas para idosos e 10% para pessoas com defici\u00eancia, promovendo inclus\u00e3o e diversidade no mercado de trabalho. \u201cQueremos que todos tenham oportunidade de se inserir nesse movimento de valoriza\u00e7\u00e3o do turismo e da hospitalidade\u201d, pontua Navega.<\/p>\n\n\n\n<p>Com previs\u00e3o de in\u00edcio ainda neste semestre, os cursos devem impactar diretamente a qualidade do atendimento nos munic\u00edpios participantes. Para Marco Navega, o investimento em capacita\u00e7\u00e3o \u00e9 o caminho mais s\u00f3lido para consolidar a Costa do Sol como refer\u00eancia nacional em turismo de qualidade. \u201cFormar pessoas \u00e9 fortalecer o destino. Cada profissional capacitado \u00e9 um embaixador do nosso turismo\u201d, conclui o presidente do Condetur.<\/p>\n","protected":false},"excerpt":{"rendered":"<p>A Costa do Sol, uma das regi\u00f5es tur\u00edsticas mais desejadas do estado do Rio de Janeiro, est\u00e1 investindo pesado na qualifica\u00e7\u00e3o profissional. O Conselho de Desenvolvimento Regional de Turismo (Condetur Costa do Sol) acaba de anunciar o lan\u00e7amento de 5 cursos gratuitos de capacita\u00e7\u00e3o, voltados para duas das \u00e1reas mais demandadas pelo setor: alimenta\u00e7\u00e3o e [&hellip;]<\/p>\n","protected":false},"author":2,"featured_media":26722,"comment_status":"open","ping_status":"open","sticky":false,"template":"","format":"standard","meta":{"footnotes":""},"categories":[2978,1920],"tags":[1845],"class_list":["post-26709","post","type-post","status-publish","format-standard","has-post-thumbnail","hentry","category-destaques-topo","category-turismo","tag-condetur"],"_links":{"self":[{"href":"https:\/\/blogdodanielgalvao.com.br\/site\/wp-json\/wp\/v2\/posts\/26709","targetHints":{"allow":["GET"]}}],"collection":[{"href":"https:\/\/blogdodanielgalvao.com.br\/site\/wp-json\/wp\/v2\/posts"}],"about":[{"href":"https:\/\/blogdodanielgalvao.com.br\/site\/wp-json\/wp\/v2\/types\/post"}],"author":[{"embeddable":true,"href":"https:\/\/blogdodanielgalvao.com.br\/site\/wp-json\/wp\/v2\/users\/2"}],"replies":[{"embeddable":true,"href":"https:\/\/blogdodanielgalvao.com.br\/site\/wp-json\/wp\/v2\/comments?post=26709"}],"version-history":[{"count":1,"href":"https:\/\/blogdodanielgalvao.com.br\/site\/wp-json\/wp\/v2\/posts\/26709\/revisions"}],"predecessor-version":[{"id":26711,"href":"https:\/\/blogdodanielgalvao.com.br\/site\/wp-json\/wp\/v2\/posts\/26709\/revisions\/26711"}],"wp:featuredmedia":[{"embeddable":true,"href":"https:\/\/blogdodanielgalvao.com.br\/site\/wp-json\/wp\/v2\/media\/26722"}],"wp:attachment":[{"href":"https:\/\/blogdodanielgalvao.com.br\/site\/wp-json\/wp\/v2\/media?parent=26709"}],"wp:term":[{"taxonomy":"category","embeddable":true,"href":"https:\/\/blogdodanielgalvao.com.br\/site\/wp-json\/wp\/v2\/categories?post=26709"},{"taxonomy":"post_tag","embeddable":true,"href":"https:\/\/blogdodanielgalvao.com.br\/site\/wp-json\/wp\/v2\/tags?post=26709"}],"curies":[{"name":"wp","href":"https:\/\/api.w.org\/{rel}","templated":true}]}}