{"id":26701,"date":"2025-11-13T08:39:21","date_gmt":"2025-11-13T11:39:21","guid":{"rendered":"https:\/\/blogdodanielgalvao.com.br\/site\/?p=26701"},"modified":"2025-11-13T08:39:28","modified_gmt":"2025-11-13T11:39:28","slug":"camara-analisa-proposta-que-pode-criar-parque-tematico-e-centro-de-referencia-em-educacao-inclusiva-em-macae","status":"publish","type":"post","link":"https:\/\/blogdodanielgalvao.com.br\/site\/camara-analisa-proposta-que-pode-criar-parque-tematico-e-centro-de-referencia-em-educacao-inclusiva-em-macae\/","title":{"rendered":"C\u00e2mara analisa proposta que pode criar Parque Tem\u00e1tico e Centro de Refer\u00eancia em Educa\u00e7\u00e3o Inclusiva em Maca\u00e9"},"content":{"rendered":"\n<p>O vereador Tico Jardim (CID) apresentou na C\u00e2mara Municipal de Maca\u00e9 o Projeto de Lei n\u00ba L\/2025, que autoriza o munic\u00edpio a implantar e manter um Parque Tem\u00e1tico e Centro de Refer\u00eancia em Educa\u00e7\u00e3o Inclusiva. O objetivo \u00e9 oferecer um espa\u00e7o de lazer, aprendizado e conviv\u00eancia acess\u00edvel, voltado \u00e0 valoriza\u00e7\u00e3o da inf\u00e2ncia e \u00e0 inclus\u00e3o social.<\/p>\n\n\n\n<p>De acordo com o texto, o parque dever\u00e1 reunir \u00e1reas de recrea\u00e7\u00e3o e conviv\u00eancia adaptadas, ambientes educativos e culturais, al\u00e9m de espa\u00e7os tem\u00e1ticos voltados \u00e0 sustentabilidade, criatividade e respeito \u00e0 diversidade. O projeto prev\u00ea ainda oficinas art\u00edsticas, atividades cient\u00edficas e programas espec\u00edficos para crian\u00e7as com defici\u00eancia ou necessidades especiais, estimulando a conviv\u00eancia entre fam\u00edlias e comunidade.<\/p>\n\n\n\n<p>O vereador destaca que a proposta busca \u201cfazer de Maca\u00e9 uma cidade que investe em humanidade, oferecendo \u00e0s crian\u00e7as oportunidades de brincar e aprender sem barreiras\u201d. Ele ressalta que o espa\u00e7o poder\u00e1 ser gerido em parceria com institui\u00e7\u00f5es p\u00fablicas e privadas, garantindo sustentabilidade financeira e o acesso gratuito ou a pre\u00e7os simb\u00f3licos.<\/p>\n\n\n\n<p>Inclus\u00e3o e lazer: urg\u00eancia nacional<\/p>\n\n\n\n<p>Segundo dados do Instituto Brasileiro de Geografia e Estat\u00edstica (IBGE), o Brasil possui mais de 5,5 milh\u00f5es de crian\u00e7as e adolescentes com algum tipo de defici\u00eancia, e menos de 40% dos espa\u00e7os p\u00fablicos de lazer s\u00e3o considerados acess\u00edveis. J\u00e1 o Minist\u00e9rio da Educa\u00e7\u00e3o aponta que, embora 92% das escolas brasileiras tenham alunos com defici\u00eancia matriculados, apenas 61% delas possuem estruturas adequadas de acessibilidade f\u00edsica e pedag\u00f3gica. Esses n\u00fameros mostram que a inclus\u00e3o ainda \u00e9 um desafio, e refor\u00e7am a import\u00e2ncia de projetos municipais que unam educa\u00e7\u00e3o e lazer de forma integrada.<\/p>\n\n\n\n<p>A proposta de Maca\u00e9 vai justamente nessa dire\u00e7\u00e3o: criar um ambiente que ofere\u00e7a n\u00e3o apenas divers\u00e3o, mas tamb\u00e9m aprendizado e intera\u00e7\u00e3o entre crian\u00e7as de diferentes realidades. O projeto de lei estabelece que o Executivo municipal definir\u00e1 o local, o projeto arquitet\u00f4nico e as diretrizes de funcionamento, incluindo pol\u00edticas de acessibilidade e participa\u00e7\u00e3o comunit\u00e1ria.<\/p>\n\n\n\n<p>O texto segue em tramita\u00e7\u00e3o nas comiss\u00f5es da C\u00e2mara Municipal de Maca\u00e9 e deve chegar ao plen\u00e1rio nas pr\u00f3ximas semanas para discuss\u00e3o e vota\u00e7\u00e3o. Se aprovado, o Parque Tem\u00e1tico e Centro de Refer\u00eancia em Educa\u00e7\u00e3o Inclusiva poder\u00e1 se tornar um marco para a cidade \u2014 um espa\u00e7o onde a inf\u00e2ncia \u00e9 celebrada, a diversidade \u00e9 respeitada e a inclus\u00e3o deixa de ser discurso para se tornar experi\u00eancia cotidiana.<\/p>\n","protected":false},"excerpt":{"rendered":"<p>O vereador Tico Jardim (CID) apresentou na C\u00e2mara Municipal de Maca\u00e9 o Projeto de Lei n\u00ba L\/2025, que autoriza o munic\u00edpio a implantar e manter um Parque Tem\u00e1tico e Centro de Refer\u00eancia em Educa\u00e7\u00e3o Inclusiva. O objetivo \u00e9 oferecer um espa\u00e7o de lazer, aprendizado e conviv\u00eancia acess\u00edvel, voltado \u00e0 valoriza\u00e7\u00e3o da inf\u00e2ncia e \u00e0 inclus\u00e3o [&hellip;]<\/p>\n","protected":false},"author":2,"featured_media":26702,"comment_status":"open","ping_status":"open","sticky":false,"template":"","format":"standard","meta":{"footnotes":""},"categories":[2978,1881],"tags":[98],"class_list":["post-26701","post","type-post","status-publish","format-standard","has-post-thumbnail","hentry","category-destaques-topo","category-politica","tag-macae"],"_links":{"self":[{"href":"https:\/\/blogdodanielgalvao.com.br\/site\/wp-json\/wp\/v2\/posts\/26701","targetHints":{"allow":["GET"]}}],"collection":[{"href":"https:\/\/blogdodanielgalvao.com.br\/site\/wp-json\/wp\/v2\/posts"}],"about":[{"href":"https:\/\/blogdodanielgalvao.com.br\/site\/wp-json\/wp\/v2\/types\/post"}],"author":[{"embeddable":true,"href":"https:\/\/blogdodanielgalvao.com.br\/site\/wp-json\/wp\/v2\/users\/2"}],"replies":[{"embeddable":true,"href":"https:\/\/blogdodanielgalvao.com.br\/site\/wp-json\/wp\/v2\/comments?post=26701"}],"version-history":[{"count":2,"href":"https:\/\/blogdodanielgalvao.com.br\/site\/wp-json\/wp\/v2\/posts\/26701\/revisions"}],"predecessor-version":[{"id":26708,"href":"https:\/\/blogdodanielgalvao.com.br\/site\/wp-json\/wp\/v2\/posts\/26701\/revisions\/26708"}],"wp:featuredmedia":[{"embeddable":true,"href":"https:\/\/blogdodanielgalvao.com.br\/site\/wp-json\/wp\/v2\/media\/26702"}],"wp:attachment":[{"href":"https:\/\/blogdodanielgalvao.com.br\/site\/wp-json\/wp\/v2\/media?parent=26701"}],"wp:term":[{"taxonomy":"category","embeddable":true,"href":"https:\/\/blogdodanielgalvao.com.br\/site\/wp-json\/wp\/v2\/categories?post=26701"},{"taxonomy":"post_tag","embeddable":true,"href":"https:\/\/blogdodanielgalvao.com.br\/site\/wp-json\/wp\/v2\/tags?post=26701"}],"curies":[{"name":"wp","href":"https:\/\/api.w.org\/{rel}","templated":true}]}}