{"id":26480,"date":"2025-11-09T08:00:00","date_gmt":"2025-11-09T11:00:00","guid":{"rendered":"https:\/\/blogdodanielgalvao.com.br\/site\/?p=26480"},"modified":"2025-11-08T23:02:06","modified_gmt":"2025-11-09T02:02:06","slug":"servidores-ganham-jornal-proprio-com-foco-em-integracao-e-valorizacao-em-macae","status":"publish","type":"post","link":"https:\/\/blogdodanielgalvao.com.br\/site\/servidores-ganham-jornal-proprio-com-foco-em-integracao-e-valorizacao-em-macae\/","title":{"rendered":"Servidores ganham jornal pr\u00f3prio com foco em integra\u00e7\u00e3o e valoriza\u00e7\u00e3o em Maca\u00e9"},"content":{"rendered":"\n<p>Maca\u00e9 contar\u00e1 ainda este m\u00eas com o lan\u00e7amento do Jornal do Servidor. A iniciativa \u00e9 da Secretaria Municipal de Gest\u00e3o de Pessoas, que far\u00e1 o lan\u00e7amento oficial no dia 12 de novembro, durante o 2\u00ba Congresso de Gest\u00e3o de Pessoas, realizado na C\u00e2mara Municipal de Maca\u00e9.<\/p>\n\n\n\n<p>A ideia \u00e9 que o jornal seja um canal informativo permanente de comunica\u00e7\u00e3o voltado aos temas de interesse do servidor p\u00fablico municipal. Um dos principais objetivos \u00e9 fortalecer a integra\u00e7\u00e3o e o reconhecimento do quadro funcional, refor\u00e7ando a import\u00e2ncia de uma gest\u00e3o pr\u00f3xima, transparente e humanizada.<\/p>\n\n\n\n<p>De acordo com os idealizadores, o jornal ir\u00e1 abordar direitos e deveres, al\u00e9m de oportunidades de capacita\u00e7\u00e3o, campanhas educativas, sa\u00fade, bem-estar e informa\u00e7\u00f5es gerais sobre a administra\u00e7\u00e3o municipal.<\/p>\n\n\n\n<p>Logo na edi\u00e7\u00e3o de estreia, o tema principal ser\u00e1 a valoriza\u00e7\u00e3o do servidor e a import\u00e2ncia da comunica\u00e7\u00e3o transparente. Segundo informa\u00e7\u00f5es, a reportagem de capa vai destacar a\u00e7\u00f5es da Casa do Servidor, que entre dezembro de 2024 e julho de 2025. Na ocasi\u00e3o, foram realizados mais de 7 mil atendimentos, voltados \u00e0 promo\u00e7\u00e3o da sa\u00fade e \u00e0 melhoria do ambiente de trabalho.<\/p>\n\n\n\n<p>O Secret\u00e1rio Municipal de Gest\u00e3o de Pessoas, Arist\u00f3fanis Quirino, destacou que o Jornal do Servidor representar\u00e1 mais que um novo informativo: ser\u00e1 uma ferramenta estrat\u00e9gica de comunica\u00e7\u00e3o, valoriza\u00e7\u00e3o e integra\u00e7\u00e3o dentro da pol\u00edtica municipal de gest\u00e3o de pessoas.<\/p>\n\n\n\n<p>\u201cO Jornal do Servidor \u00e9 mais uma ferramenta de comunica\u00e7\u00e3o interna que fortalece a integra\u00e7\u00e3o entre a administra\u00e7\u00e3o municipal e o quadro de servidores. Reconhece a miss\u00e3o e o valor de quem faz o servi\u00e7o p\u00fablico acontecer, evidencia o trabalho di\u00e1rio e apresenta, com transpar\u00eancia, as a\u00e7\u00f5es que o governo municipal realiza em prol de quem serve a cidade. O servidor \u00e9 o verdadeiro protagonista da execu\u00e7\u00e3o das pol\u00edticas p\u00fablicas, porque \u00e9 atrav\u00e9s do seu trabalho que as decis\u00f5es e os projetos da gest\u00e3o se transformam em resultados concretos para a popula\u00e7\u00e3o. Por isso, ele tamb\u00e9m ser\u00e1 o protagonista deste jornal, que nasce para reconhecer sua import\u00e2ncia e dar visibilidade ao seu papel na constru\u00e7\u00e3o de uma Maca\u00e9 mais humana, eficiente e participativa\u201d, disse o secret\u00e1rio.<\/p>\n\n\n\n<p>Atualmente, a Prefeitura Municipal de Maca\u00e9 conta com mais de 17 mil servidores p\u00fablicos, o que representa uma verdadeira cidade dentro da pr\u00f3pria administra\u00e7\u00e3o. Diante dessa estrutura humana e organizacional, \u00e9 essencial garantir uma comunica\u00e7\u00e3o transparente e eficiente. O Jornal do Servidor vem com essa finalidade: aproximar a gest\u00e3o dos servidores, informar com clareza e fortalecer os v\u00ednculos entre quem administra e quem faz o servi\u00e7o p\u00fablico acontecer.<\/p>\n\n\n\n<p>\u201cConvido cada servidor a participar ativamente, enviando sugest\u00f5es e pautas para o e-mail jornaldoservidor@macae.rj.gov.br. Que este jornal traduza, com fidelidade, a voz de quem faz o servi\u00e7o p\u00fablico acontecer todos os dias, fortalecendo o compromisso coletivo de servir com orgulho, prop\u00f3sito e excel\u00eancia\u201d, destacou Arist\u00f3fanis.<\/p>\n\n\n\n<p>O Jornal do Servidor ter\u00e1 edi\u00e7\u00f5es bimestrais, dispon\u00edveis em formato impresso e digital, e contar\u00e1 com a colabora\u00e7\u00e3o dos servidores, que poder\u00e3o enviar sugest\u00f5es, d\u00favidas e projetos desenvolvidos nas secretarias.<\/p>\n","protected":false},"excerpt":{"rendered":"<p>Maca\u00e9 contar\u00e1 ainda este m\u00eas com o lan\u00e7amento do Jornal do Servidor. A iniciativa \u00e9 da Secretaria Municipal de Gest\u00e3o de Pessoas, que far\u00e1 o lan\u00e7amento oficial no dia 12 de novembro, durante o 2\u00ba Congresso de Gest\u00e3o de Pessoas, realizado na C\u00e2mara Municipal de Maca\u00e9. A ideia \u00e9 que o jornal seja um canal [&hellip;]<\/p>\n","protected":false},"author":2,"featured_media":26481,"comment_status":"open","ping_status":"open","sticky":false,"template":"","format":"standard","meta":{"footnotes":""},"categories":[2],"tags":[],"class_list":["post-26480","post","type-post","status-publish","format-standard","has-post-thumbnail","hentry","category-macae"],"_links":{"self":[{"href":"https:\/\/blogdodanielgalvao.com.br\/site\/wp-json\/wp\/v2\/posts\/26480","targetHints":{"allow":["GET"]}}],"collection":[{"href":"https:\/\/blogdodanielgalvao.com.br\/site\/wp-json\/wp\/v2\/posts"}],"about":[{"href":"https:\/\/blogdodanielgalvao.com.br\/site\/wp-json\/wp\/v2\/types\/post"}],"author":[{"embeddable":true,"href":"https:\/\/blogdodanielgalvao.com.br\/site\/wp-json\/wp\/v2\/users\/2"}],"replies":[{"embeddable":true,"href":"https:\/\/blogdodanielgalvao.com.br\/site\/wp-json\/wp\/v2\/comments?post=26480"}],"version-history":[{"count":1,"href":"https:\/\/blogdodanielgalvao.com.br\/site\/wp-json\/wp\/v2\/posts\/26480\/revisions"}],"predecessor-version":[{"id":26482,"href":"https:\/\/blogdodanielgalvao.com.br\/site\/wp-json\/wp\/v2\/posts\/26480\/revisions\/26482"}],"wp:featuredmedia":[{"embeddable":true,"href":"https:\/\/blogdodanielgalvao.com.br\/site\/wp-json\/wp\/v2\/media\/26481"}],"wp:attachment":[{"href":"https:\/\/blogdodanielgalvao.com.br\/site\/wp-json\/wp\/v2\/media?parent=26480"}],"wp:term":[{"taxonomy":"category","embeddable":true,"href":"https:\/\/blogdodanielgalvao.com.br\/site\/wp-json\/wp\/v2\/categories?post=26480"},{"taxonomy":"post_tag","embeddable":true,"href":"https:\/\/blogdodanielgalvao.com.br\/site\/wp-json\/wp\/v2\/tags?post=26480"}],"curies":[{"name":"wp","href":"https:\/\/api.w.org\/{rel}","templated":true}]}}