{"id":26468,"date":"2025-11-08T15:57:40","date_gmt":"2025-11-08T18:57:40","guid":{"rendered":"https:\/\/blogdodanielgalvao.com.br\/site\/?p=26468"},"modified":"2025-11-08T15:57:45","modified_gmt":"2025-11-08T18:57:45","slug":"educacao-e-arte-se-unem-em-projeto-que-inspira-pensamento-critico-em-cabo-frio","status":"publish","type":"post","link":"https:\/\/blogdodanielgalvao.com.br\/site\/educacao-e-arte-se-unem-em-projeto-que-inspira-pensamento-critico-em-cabo-frio\/","title":{"rendered":"Educa\u00e7\u00e3o e arte se unem em projeto que inspira pensamento cr\u00edtico em Cabo Frio"},"content":{"rendered":"\n<p>A Casa Museu Carlos Scliar foi palco, nesta quarta-feira (5), de uma celebra\u00e7\u00e3o \u00e0 criatividade e \u00e0 consci\u00eancia social. Alunos da rede municipal de Cabo Frio receberam o reconhecimento pelo destaque no projeto CaptaA\u00e7\u00e3o, promovido pela Prolagos, que incentiva o pensamento cr\u00edtico, a leitura e a express\u00e3o art\u00edstica entre os estudantes.<\/p>\n\n\n\n<p>Com o tema voltado ao est\u00edmulo da leitura e da reflex\u00e3o, o projeto prop\u00f4s atividades que integraram arte, sustentabilidade e cidadania. Os participantes foram convidados a traduzir suas ideias e sentimentos em produ\u00e7\u00f5es visuais, como desenhos e pinturas, abordando assuntos como preserva\u00e7\u00e3o ambiental, combate ao racismo e valoriza\u00e7\u00e3o da cultura.<\/p>\n\n\n\n<p>Entre os premiados est\u00e3o os alunos Eduarda Gordiano, Maria Julia Rodrigues e Amanda Santos, da Escola Municipal Vereador Leaquim Schuindt, al\u00e9m de Kaique Rodrigues e Gabriel do Amor Divino, da Escola Municipal Professora Marli Capp. Os trabalhos chamaram aten\u00e7\u00e3o pela sensibilidade e pela originalidade das interpreta\u00e7\u00f5es.<\/p>\n\n\n\n<p>A iniciativa refor\u00e7a o compromisso da Secretaria Municipal de Educa\u00e7\u00e3o em valorizar a\u00e7\u00f5es que unem conhecimento, arte e consci\u00eancia social. Projetos como o CaptaA\u00e7\u00e3o mostram que a educa\u00e7\u00e3o vai al\u00e9m da sala de aula, formando jovens mais cr\u00edticos, criativos e engajados com o futuro&nbsp;da&nbsp;cidade.&nbsp;&nbsp;&nbsp;&nbsp;&nbsp;<\/p>\n","protected":false},"excerpt":{"rendered":"<p>A Casa Museu Carlos Scliar foi palco, nesta quarta-feira (5), de uma celebra\u00e7\u00e3o \u00e0 criatividade e \u00e0 consci\u00eancia social. Alunos da rede municipal de Cabo Frio receberam o reconhecimento pelo destaque no projeto CaptaA\u00e7\u00e3o, promovido pela Prolagos, que incentiva o pensamento cr\u00edtico, a leitura e a express\u00e3o art\u00edstica entre os estudantes. Com o tema voltado [&hellip;]<\/p>\n","protected":false},"author":2,"featured_media":26469,"comment_status":"open","ping_status":"open","sticky":false,"template":"","format":"standard","meta":{"footnotes":""},"categories":[340],"tags":[],"class_list":["post-26468","post","type-post","status-publish","format-standard","has-post-thumbnail","hentry","category-cabo-frio"],"_links":{"self":[{"href":"https:\/\/blogdodanielgalvao.com.br\/site\/wp-json\/wp\/v2\/posts\/26468","targetHints":{"allow":["GET"]}}],"collection":[{"href":"https:\/\/blogdodanielgalvao.com.br\/site\/wp-json\/wp\/v2\/posts"}],"about":[{"href":"https:\/\/blogdodanielgalvao.com.br\/site\/wp-json\/wp\/v2\/types\/post"}],"author":[{"embeddable":true,"href":"https:\/\/blogdodanielgalvao.com.br\/site\/wp-json\/wp\/v2\/users\/2"}],"replies":[{"embeddable":true,"href":"https:\/\/blogdodanielgalvao.com.br\/site\/wp-json\/wp\/v2\/comments?post=26468"}],"version-history":[{"count":1,"href":"https:\/\/blogdodanielgalvao.com.br\/site\/wp-json\/wp\/v2\/posts\/26468\/revisions"}],"predecessor-version":[{"id":26470,"href":"https:\/\/blogdodanielgalvao.com.br\/site\/wp-json\/wp\/v2\/posts\/26468\/revisions\/26470"}],"wp:featuredmedia":[{"embeddable":true,"href":"https:\/\/blogdodanielgalvao.com.br\/site\/wp-json\/wp\/v2\/media\/26469"}],"wp:attachment":[{"href":"https:\/\/blogdodanielgalvao.com.br\/site\/wp-json\/wp\/v2\/media?parent=26468"}],"wp:term":[{"taxonomy":"category","embeddable":true,"href":"https:\/\/blogdodanielgalvao.com.br\/site\/wp-json\/wp\/v2\/categories?post=26468"},{"taxonomy":"post_tag","embeddable":true,"href":"https:\/\/blogdodanielgalvao.com.br\/site\/wp-json\/wp\/v2\/tags?post=26468"}],"curies":[{"name":"wp","href":"https:\/\/api.w.org\/{rel}","templated":true}]}}