{"id":26464,"date":"2025-11-08T07:24:00","date_gmt":"2025-11-08T10:24:00","guid":{"rendered":"https:\/\/blogdodanielgalvao.com.br\/site\/?p=26464"},"modified":"2025-11-07T17:27:27","modified_gmt":"2025-11-07T20:27:27","slug":"visita-ao-smart-city-expo-na-espanha-pode-render-projetos-para-rio-das-ostras-ja-nessa-semana","status":"publish","type":"post","link":"https:\/\/blogdodanielgalvao.com.br\/site\/visita-ao-smart-city-expo-na-espanha-pode-render-projetos-para-rio-das-ostras-ja-nessa-semana\/","title":{"rendered":"Visita ao Smart City Expo, na Espanha, pode render projetos para Rio das Ostras j\u00e1 nessa semana"},"content":{"rendered":"\n<p>O prefeito de Rio das Ostras, Carlos Augusto (PL), integrou, nessa semana, uma importante comitiva nacional em visita \u00e0 cidade de Barcelona, na Espanha, onde aconteceu o Smart City Expo World Congress, considerado o maior evento global sobre cidades inteligentes.<\/p>\n\n\n\n<p>A participa\u00e7\u00e3o no evento se deu a convite da Frente Nacional de Prefeitas e Prefeitos (FNP), custeada pelos participantes, que puderam conhecer solu\u00e7\u00f5es inovadoras em tecnologia, sustentabilidade e gest\u00e3o p\u00fablica.<\/p>\n\n\n\n<p>Realizada entre os dias 4 e 5 de novembro, a visita ao evento que aconteceu durante a semana na cidade espanhola de Barcelona, reuniu gestores e gestoras de diversas cidades e regi\u00f5es de todo o pa\u00eds.<\/p>\n\n\n\n<p>\u201cFui convidado pela Frente Nacional de Prefeitos e Prefeitas para integrar uma comitiva oficial do Brasil. Represento aqui Rio das Ostras ao lado de prefeitos e prefeitas de v\u00e1rias partes do pa\u00eds, em busca de solu\u00e7\u00f5es que tornem nossas cidades mais inteligentes, sustent\u00e1veis e inclusivas\u201d, contou Carlos Augusto, em publica\u00e7\u00e3o nas suas redes sociais, nessa semana.<\/p>\n\n\n\n<p>Acompanhado da primeira-dama e secret\u00e1ria de Gest\u00e3o P\u00fablica, M\u00e1rcia Almeida, o prefeito de Rio das Ostras participou de pain\u00e9is, visitas t\u00e9cnicas e encontros com especialistas internacionais em diversas \u00e1reas, como governan\u00e7a digital, mobilidade, meio ambiente, e seguran\u00e7a p\u00fablica.<\/p>\n\n\n\n<p>Reconhecido por apresentar solu\u00e7\u00f5es aplic\u00e1veis que unem tecnologia, planejamento e qualidade de vida, o congresso apresentou alguns temas que despertaram o interesse do prefeito e da primeira-dama de Rio das Ostras, como experi\u00eancias em mobilidade, sa\u00fade, educa\u00e7\u00e3o e seguran\u00e7a p\u00fablica.<\/p>\n\n\n\n<p>Entre elas, est\u00e3o sem\u00e1foros automatizados, c\u00e2meras com leitura de tr\u00e1fego, sensores de fluxo e transporte integrado, modelos de telemedicina e gest\u00e3o digital de prontu\u00e1rios, uso de tecnologia interativa em salas de aula, com telas digitais e plataformas que aproximam alunos e professores do aprendizado digital, e c\u00e2meras inteligentes, centros de monitoramento e sistemas de resposta r\u00e1pida.<\/p>\n\n\n\n<p>De volta do evento, o prefeito contou um pouco sobre a experi\u00eancia e prometeu melhorias no funcionamento, tanto da m\u00e1quina p\u00fablica quanto da pr\u00f3pria cidade, refor\u00e7ando o compromisso assumido em campanha de fazer com que Rio das Ostras volte a ser uma das cidades com melhor qualidade de vida do pa\u00eds.<\/p>\n\n\n\n<p>\u201cEstamos em Barcelona, uma refer\u00eancia mundial em inova\u00e7\u00e3o urbana e sustentabilidade. Participamos de visitas t\u00e9cnicas e do congresso Smart City Expo, o maior evento do mundo sobre cidades inteligentes. Tem sido uma oportunidade incr\u00edvel, de conhecer ideias e tecnologias que melhoram a vida das pessoas. E vou fazer isso em Rio das Ostras, automa\u00e7\u00e3o dos servi\u00e7os p\u00fablicos, sistemas de mobilidade, sem\u00e1foros inteligentes, radares, c\u00e2meras de monitoramento e solu\u00e7\u00f5es sustent\u00e1veis na educa\u00e7\u00e3o, na sa\u00fade e na seguran\u00e7a, que ir\u00e3o ajudar muito nos desafios que ainda temos em Rio das Ostras. Tudo que aprendemos nessa miss\u00e3o ser\u00e1 aplicado para melhorar a vida de quem vive em Rio das Ostras e para auxiliar o desenvolvimento de toda Costa do Sol\u201d, afirmou Carlos Augusto.<\/p>\n\n\n\n<p>Segundo a prefeitura, a participa\u00e7\u00e3o de Rio das Ostras na comitiva brasileira confirma o compromisso da atual gest\u00e3o com a inova\u00e7\u00e3o e a efici\u00eancia na gest\u00e3o p\u00fablica, com a expectativa de que as ideias e tecnologias conhecidas em Barcelona sejam apresentadas \u00e0s secretarias municipais e avaliadas quanto \u00e0 viabilidade de implanta\u00e7\u00e3o, j\u00e1 nessa semana.<\/p>\n\n\n\n<p>\u201c\u00c9 aprendendo e inovando todos os dias, com o mesmo prop\u00f3sito que nos move desde o in\u00edcio, transformar nossa querida Rio das Ostras em uma cidade cada vez melhor para se viver\u201d, completou Carlos Augusto.<\/p>\n","protected":false},"excerpt":{"rendered":"<p>O prefeito de Rio das Ostras, Carlos Augusto (PL), integrou, nessa semana, uma importante comitiva nacional em visita \u00e0 cidade de Barcelona, na Espanha, onde aconteceu o Smart City Expo World Congress, considerado o maior evento global sobre cidades inteligentes. A participa\u00e7\u00e3o no evento se deu a convite da Frente Nacional de Prefeitas e Prefeitos [&hellip;]<\/p>\n","protected":false},"author":2,"featured_media":26465,"comment_status":"open","ping_status":"open","sticky":false,"template":"","format":"standard","meta":{"footnotes":""},"categories":[2978,4],"tags":[],"class_list":["post-26464","post","type-post","status-publish","format-standard","has-post-thumbnail","hentry","category-destaques-topo","category-rio-das-ostras"],"_links":{"self":[{"href":"https:\/\/blogdodanielgalvao.com.br\/site\/wp-json\/wp\/v2\/posts\/26464","targetHints":{"allow":["GET"]}}],"collection":[{"href":"https:\/\/blogdodanielgalvao.com.br\/site\/wp-json\/wp\/v2\/posts"}],"about":[{"href":"https:\/\/blogdodanielgalvao.com.br\/site\/wp-json\/wp\/v2\/types\/post"}],"author":[{"embeddable":true,"href":"https:\/\/blogdodanielgalvao.com.br\/site\/wp-json\/wp\/v2\/users\/2"}],"replies":[{"embeddable":true,"href":"https:\/\/blogdodanielgalvao.com.br\/site\/wp-json\/wp\/v2\/comments?post=26464"}],"version-history":[{"count":1,"href":"https:\/\/blogdodanielgalvao.com.br\/site\/wp-json\/wp\/v2\/posts\/26464\/revisions"}],"predecessor-version":[{"id":26466,"href":"https:\/\/blogdodanielgalvao.com.br\/site\/wp-json\/wp\/v2\/posts\/26464\/revisions\/26466"}],"wp:featuredmedia":[{"embeddable":true,"href":"https:\/\/blogdodanielgalvao.com.br\/site\/wp-json\/wp\/v2\/media\/26465"}],"wp:attachment":[{"href":"https:\/\/blogdodanielgalvao.com.br\/site\/wp-json\/wp\/v2\/media?parent=26464"}],"wp:term":[{"taxonomy":"category","embeddable":true,"href":"https:\/\/blogdodanielgalvao.com.br\/site\/wp-json\/wp\/v2\/categories?post=26464"},{"taxonomy":"post_tag","embeddable":true,"href":"https:\/\/blogdodanielgalvao.com.br\/site\/wp-json\/wp\/v2\/tags?post=26464"}],"curies":[{"name":"wp","href":"https:\/\/api.w.org\/{rel}","templated":true}]}}