{"id":26437,"date":"2025-11-08T08:31:57","date_gmt":"2025-11-08T11:31:57","guid":{"rendered":"https:\/\/blogdodanielgalvao.com.br\/site\/?p=26437"},"modified":"2025-11-07T16:32:17","modified_gmt":"2025-11-07T19:32:17","slug":"homem-e-preso-apos-tentar-esconder-drogas-na-boca-durante-operacao-no-parque-aeroporto","status":"publish","type":"post","link":"https:\/\/blogdodanielgalvao.com.br\/site\/homem-e-preso-apos-tentar-esconder-drogas-na-boca-durante-operacao-no-parque-aeroporto\/","title":{"rendered":"Homem \u00e9 preso ap\u00f3s tentar esconder drogas na boca durante opera\u00e7\u00e3o no Parque Aeroporto"},"content":{"rendered":"\n<p>A Pol\u00edcia Civil de Maca\u00e9 prendeu um homem em flagrante por tr\u00e1fico de drogas durante uma a\u00e7\u00e3o no bairro Parque Aeroporto. A opera\u00e7\u00e3o foi realizada na Pra\u00e7a Principal e contou com a coordena\u00e7\u00e3o dos delegados Dr. Pedro Em\u00edlio Braga e Dr. Victor Azevedo.<\/p>\n\n\n\n<p>De acordo com a ocorr\u00eancia, os policiais identificaram uma intensa movimenta\u00e7\u00e3o do tr\u00e1fico no local, j\u00e1 conhecido por ser de influ\u00eancia da fac\u00e7\u00e3o criminosa Comando Vermelho (CV). Durante a observa\u00e7\u00e3o, os agentes avistaram um homem chegando em uma moto e dirigindo-se aos fundos de um quiosque da pra\u00e7a, onde passou a comercializar os entorpecentes.<\/p>\n\n\n\n<p>Com base nas informa\u00e7\u00f5es colhidas, os agentes realizaram a abordagem. Nesse momento, o suspeito introduziu parte dos entorpecentes na boca, na tentativa de enganar os policiais. Com ele foram encontrados pinos de coca\u00edna e pedras de crack.<\/p>\n\n\n\n<p>O homem chegou a ser conduzido para atendimento m\u00e9dico no Pronto Socorro. Na sequ\u00eancia, ele foi levado para a 123\u00aa DP, onde foi autuado em flagrante por tr\u00e1fico.<\/p>\n","protected":false},"excerpt":{"rendered":"<p>A Pol\u00edcia Civil de Maca\u00e9 prendeu um homem em flagrante por tr\u00e1fico de drogas durante uma a\u00e7\u00e3o no bairro Parque Aeroporto. A opera\u00e7\u00e3o foi realizada na Pra\u00e7a Principal e contou com a coordena\u00e7\u00e3o dos delegados Dr. Pedro Em\u00edlio Braga e Dr. Victor Azevedo. De acordo com a ocorr\u00eancia, os policiais identificaram uma intensa movimenta\u00e7\u00e3o do [&hellip;]<\/p>\n","protected":false},"author":2,"featured_media":26439,"comment_status":"open","ping_status":"open","sticky":false,"template":"","format":"standard","meta":{"footnotes":""},"categories":[2978,1899],"tags":[],"class_list":["post-26437","post","type-post","status-publish","format-standard","has-post-thumbnail","hentry","category-destaques-topo","category-policia"],"_links":{"self":[{"href":"https:\/\/blogdodanielgalvao.com.br\/site\/wp-json\/wp\/v2\/posts\/26437","targetHints":{"allow":["GET"]}}],"collection":[{"href":"https:\/\/blogdodanielgalvao.com.br\/site\/wp-json\/wp\/v2\/posts"}],"about":[{"href":"https:\/\/blogdodanielgalvao.com.br\/site\/wp-json\/wp\/v2\/types\/post"}],"author":[{"embeddable":true,"href":"https:\/\/blogdodanielgalvao.com.br\/site\/wp-json\/wp\/v2\/users\/2"}],"replies":[{"embeddable":true,"href":"https:\/\/blogdodanielgalvao.com.br\/site\/wp-json\/wp\/v2\/comments?post=26437"}],"version-history":[{"count":1,"href":"https:\/\/blogdodanielgalvao.com.br\/site\/wp-json\/wp\/v2\/posts\/26437\/revisions"}],"predecessor-version":[{"id":26441,"href":"https:\/\/blogdodanielgalvao.com.br\/site\/wp-json\/wp\/v2\/posts\/26437\/revisions\/26441"}],"wp:featuredmedia":[{"embeddable":true,"href":"https:\/\/blogdodanielgalvao.com.br\/site\/wp-json\/wp\/v2\/media\/26439"}],"wp:attachment":[{"href":"https:\/\/blogdodanielgalvao.com.br\/site\/wp-json\/wp\/v2\/media?parent=26437"}],"wp:term":[{"taxonomy":"category","embeddable":true,"href":"https:\/\/blogdodanielgalvao.com.br\/site\/wp-json\/wp\/v2\/categories?post=26437"},{"taxonomy":"post_tag","embeddable":true,"href":"https:\/\/blogdodanielgalvao.com.br\/site\/wp-json\/wp\/v2\/tags?post=26437"}],"curies":[{"name":"wp","href":"https:\/\/api.w.org\/{rel}","templated":true}]}}