{"id":26337,"date":"2025-11-06T12:14:04","date_gmt":"2025-11-06T15:14:04","guid":{"rendered":"https:\/\/blogdodanielgalvao.com.br\/site\/?p=26337"},"modified":"2025-11-06T12:14:13","modified_gmt":"2025-11-06T15:14:13","slug":"rio-acumula-mais-de-r-1-milhao-em-multas-aplicadas-pela-prefeitura-de-rio-das-ostras-em-2025","status":"publish","type":"post","link":"https:\/\/blogdodanielgalvao.com.br\/site\/rio-acumula-mais-de-r-1-milhao-em-multas-aplicadas-pela-prefeitura-de-rio-das-ostras-em-2025\/","title":{"rendered":"Rio+ acumula mais de R$ 1 milh\u00e3o em multas aplicadas pela Prefeitura de Rio das Ostras em 2025"},"content":{"rendered":"\n<p>A paci\u00eancia do consumidor riostrense parece ter chegado ao limite. A empresa Rio+ Saneamento, respons\u00e1vel pelo abastecimento de \u00e1gua e esgoto em Rio das Ostras, j\u00e1 acumula mais de R$ 1 milh\u00e3o em multas aplicadas pela Prefeitura, atrav\u00e9s do Procon. As penalidades s\u00e3o resultado de uma s\u00e9rie de reclama\u00e7\u00f5es e fiscaliza\u00e7\u00f5es que apontaram falhas graves na presta\u00e7\u00e3o do servi\u00e7o.<\/p>\n\n\n\n<p>De acordo com o Procon, as autua\u00e7\u00f5es foram motivadas por interrup\u00e7\u00f5es constantes no fornecimento de \u00e1gua, cobran\u00e7as indevidas e atrasos no atendimento aos moradores. O \u00f3rg\u00e3o tem atuado de forma rigorosa, sob a orienta\u00e7\u00e3o do Procurador-Geral do Munic\u00edpio, Renato Vasconcellos, que vem refor\u00e7ando a import\u00e2ncia de garantir o respeito ao consumidor e o cumprimento das obriga\u00e7\u00f5es contratuais por parte da concession\u00e1ria.<\/p>\n\n\n\n<p>A Prefeitura enfatiza que o objetivo das multas n\u00e3o \u00e9 apenas punir, mas pressionar a empresa a melhorar a qualidade do servi\u00e7o. A falta de \u00e1gua em diversos bairros, a demora nas respostas e a aus\u00eancia de comunica\u00e7\u00e3o pr\u00e9via em momentos de manuten\u00e7\u00e3o s\u00e3o queixas recorrentes nas redes sociais e nas den\u00fancias recebidas pelos canais oficiais.<\/p>\n\n\n\n<p>Em nota, a Rio+ Saneamento informou que vem realizando investimentos em manuten\u00e7\u00e3o e melhorias no sistema, mas reconheceu que ainda h\u00e1 falhas a serem corrigidas. A empresa prometeu apresentar um cronograma de a\u00e7\u00f5es para resolver os principais pontos cr\u00edticos do munic\u00edpio e evitar novas autua\u00e7\u00f5es.<\/p>\n\n\n\n<p>Enquanto isso, o Procon de Rio das Ostras garante que seguir\u00e1 de olho. A meta \u00e9 clara: fazer valer o direito do consumidor e assegurar que cada morador receba o servi\u00e7o pelo qual paga \u2014 com qualidade, respeito e responsabilidade.&nbsp;A&nbsp;conferir!<\/p>\n\n\n\n<p><\/p>\n\n\n\n<figure class=\"wp-block-image size-large\"><img loading=\"lazy\" decoding=\"async\" width=\"669\" height=\"1024\" src=\"https:\/\/blogdodanielgalvao.com.br\/site\/wp-content\/uploads\/2025\/11\/Imagem-do-WhatsApp-de-2025-11-06-as-12.10.02_b3e5a6a0-669x1024.jpg\" alt=\"\" class=\"wp-image-26339\" srcset=\"https:\/\/blogdodanielgalvao.com.br\/site\/wp-content\/uploads\/2025\/11\/Imagem-do-WhatsApp-de-2025-11-06-as-12.10.02_b3e5a6a0-669x1024.jpg 669w, https:\/\/blogdodanielgalvao.com.br\/site\/wp-content\/uploads\/2025\/11\/Imagem-do-WhatsApp-de-2025-11-06-as-12.10.02_b3e5a6a0-196x300.jpg 196w, https:\/\/blogdodanielgalvao.com.br\/site\/wp-content\/uploads\/2025\/11\/Imagem-do-WhatsApp-de-2025-11-06-as-12.10.02_b3e5a6a0-768x1175.jpg 768w, https:\/\/blogdodanielgalvao.com.br\/site\/wp-content\/uploads\/2025\/11\/Imagem-do-WhatsApp-de-2025-11-06-as-12.10.02_b3e5a6a0.jpg 825w\" sizes=\"auto, (max-width: 669px) 100vw, 669px\" \/><\/figure>\n","protected":false},"excerpt":{"rendered":"<p>A paci\u00eancia do consumidor riostrense parece ter chegado ao limite. A empresa Rio+ Saneamento, respons\u00e1vel pelo abastecimento de \u00e1gua e esgoto em Rio das Ostras, j\u00e1 acumula mais de R$ 1 milh\u00e3o em multas aplicadas pela Prefeitura, atrav\u00e9s do Procon. As penalidades s\u00e3o resultado de uma s\u00e9rie de reclama\u00e7\u00f5es e fiscaliza\u00e7\u00f5es que apontaram falhas graves [&hellip;]<\/p>\n","protected":false},"author":2,"featured_media":26338,"comment_status":"open","ping_status":"open","sticky":false,"template":"","format":"standard","meta":{"footnotes":""},"categories":[2978,4],"tags":[],"class_list":["post-26337","post","type-post","status-publish","format-standard","has-post-thumbnail","hentry","category-destaques-topo","category-rio-das-ostras"],"_links":{"self":[{"href":"https:\/\/blogdodanielgalvao.com.br\/site\/wp-json\/wp\/v2\/posts\/26337","targetHints":{"allow":["GET"]}}],"collection":[{"href":"https:\/\/blogdodanielgalvao.com.br\/site\/wp-json\/wp\/v2\/posts"}],"about":[{"href":"https:\/\/blogdodanielgalvao.com.br\/site\/wp-json\/wp\/v2\/types\/post"}],"author":[{"embeddable":true,"href":"https:\/\/blogdodanielgalvao.com.br\/site\/wp-json\/wp\/v2\/users\/2"}],"replies":[{"embeddable":true,"href":"https:\/\/blogdodanielgalvao.com.br\/site\/wp-json\/wp\/v2\/comments?post=26337"}],"version-history":[{"count":1,"href":"https:\/\/blogdodanielgalvao.com.br\/site\/wp-json\/wp\/v2\/posts\/26337\/revisions"}],"predecessor-version":[{"id":26340,"href":"https:\/\/blogdodanielgalvao.com.br\/site\/wp-json\/wp\/v2\/posts\/26337\/revisions\/26340"}],"wp:featuredmedia":[{"embeddable":true,"href":"https:\/\/blogdodanielgalvao.com.br\/site\/wp-json\/wp\/v2\/media\/26338"}],"wp:attachment":[{"href":"https:\/\/blogdodanielgalvao.com.br\/site\/wp-json\/wp\/v2\/media?parent=26337"}],"wp:term":[{"taxonomy":"category","embeddable":true,"href":"https:\/\/blogdodanielgalvao.com.br\/site\/wp-json\/wp\/v2\/categories?post=26337"},{"taxonomy":"post_tag","embeddable":true,"href":"https:\/\/blogdodanielgalvao.com.br\/site\/wp-json\/wp\/v2\/tags?post=26337"}],"curies":[{"name":"wp","href":"https:\/\/api.w.org\/{rel}","templated":true}]}}