{"id":26335,"date":"2025-11-06T12:22:09","date_gmt":"2025-11-06T15:22:09","guid":{"rendered":"https:\/\/blogdodanielgalvao.com.br\/site\/?p=26335"},"modified":"2025-11-06T12:22:16","modified_gmt":"2025-11-06T15:22:16","slug":"carol-biazin-e-destaque-no-festival-de-sabores-de-arraial-do-cabo","status":"publish","type":"post","link":"https:\/\/blogdodanielgalvao.com.br\/site\/carol-biazin-e-destaque-no-festival-de-sabores-de-arraial-do-cabo\/","title":{"rendered":"Carol Biazin \u00e9 destaque no Festival de Sabores de Arraial do Cabo"},"content":{"rendered":"\n<p>A partir desta sexta-feira (7), Arraial do Cabo recebe a 3\u00aa edi\u00e7\u00e3o do Festival de Frutos do Mar \u2013 Gastronomia e Chopp, que promete movimentar a Orla da Praia Grande at\u00e9 domingo (9). O evento, que combina boa comida, m\u00fasica e divers\u00e3o, contar\u00e1 com 15 restaurantes locais oferecendo pratos a R$ 35 e uma programa\u00e7\u00e3o musical totalmente gratuita.<\/p>\n\n\n\n<p>Entre as atra\u00e7\u00f5es confirmadas, destaque para Carol Biazin, que se apresenta no s\u00e1bado (8), \u00e0s 22h, trazendo um repert\u00f3rio pop e autoral que vem conquistando o p\u00fablico jovem em todo o pa\u00eds. A cantora \u00e9 uma das mais esperadas da programa\u00e7\u00e3o, que mistura diferentes estilos musicais ao longo do fim de semana.<\/p>\n\n\n\n<p>A abertura do festival ser\u00e1 na sexta-feira (7), \u00e0s 19h, com Ramona Rox, liderada pela vocalista Amanda Mattos, e encerramento da noite com Liah Soares, \u00e0s 22h. No s\u00e1bado, \u00e0s 20h, o grupo FAB leva o pagode \u00e0 orla, seguido pelo show de Carol Biazin. J\u00e1 no domingo (9), Lary sobe ao palco \u00e0s 19h e o grupo SalDoce fecha o evento \u00e0s 22h.<\/p>\n\n\n\n<p>O Festival de Frutos do Mar \u2013 Gastronomia e Chopp \u00e9 gratuito e acontece na Orla da Praia Grande, reunindo m\u00fasica, culin\u00e1ria e turismo em um dos destinos mais charmosos da Regi\u00e3o&nbsp;dos&nbsp;Lagos.&nbsp;&nbsp;&nbsp;&nbsp;&nbsp;&nbsp;<\/p>\n","protected":false},"excerpt":{"rendered":"<p>A partir desta sexta-feira (7), Arraial do Cabo recebe a 3\u00aa edi\u00e7\u00e3o do Festival de Frutos do Mar \u2013 Gastronomia e Chopp, que promete movimentar a Orla da Praia Grande at\u00e9 domingo (9). O evento, que combina boa comida, m\u00fasica e divers\u00e3o, contar\u00e1 com 15 restaurantes locais oferecendo pratos a R$ 35 e uma programa\u00e7\u00e3o [&hellip;]<\/p>\n","protected":false},"author":2,"featured_media":26336,"comment_status":"open","ping_status":"open","sticky":false,"template":"","format":"standard","meta":{"footnotes":""},"categories":[838,2981],"tags":[],"class_list":["post-26335","post","type-post","status-publish","format-standard","has-post-thumbnail","hentry","category-arraial-do-cabo","category-destaque-noticia-3"],"_links":{"self":[{"href":"https:\/\/blogdodanielgalvao.com.br\/site\/wp-json\/wp\/v2\/posts\/26335","targetHints":{"allow":["GET"]}}],"collection":[{"href":"https:\/\/blogdodanielgalvao.com.br\/site\/wp-json\/wp\/v2\/posts"}],"about":[{"href":"https:\/\/blogdodanielgalvao.com.br\/site\/wp-json\/wp\/v2\/types\/post"}],"author":[{"embeddable":true,"href":"https:\/\/blogdodanielgalvao.com.br\/site\/wp-json\/wp\/v2\/users\/2"}],"replies":[{"embeddable":true,"href":"https:\/\/blogdodanielgalvao.com.br\/site\/wp-json\/wp\/v2\/comments?post=26335"}],"version-history":[{"count":1,"href":"https:\/\/blogdodanielgalvao.com.br\/site\/wp-json\/wp\/v2\/posts\/26335\/revisions"}],"predecessor-version":[{"id":26341,"href":"https:\/\/blogdodanielgalvao.com.br\/site\/wp-json\/wp\/v2\/posts\/26335\/revisions\/26341"}],"wp:featuredmedia":[{"embeddable":true,"href":"https:\/\/blogdodanielgalvao.com.br\/site\/wp-json\/wp\/v2\/media\/26336"}],"wp:attachment":[{"href":"https:\/\/blogdodanielgalvao.com.br\/site\/wp-json\/wp\/v2\/media?parent=26335"}],"wp:term":[{"taxonomy":"category","embeddable":true,"href":"https:\/\/blogdodanielgalvao.com.br\/site\/wp-json\/wp\/v2\/categories?post=26335"},{"taxonomy":"post_tag","embeddable":true,"href":"https:\/\/blogdodanielgalvao.com.br\/site\/wp-json\/wp\/v2\/tags?post=26335"}],"curies":[{"name":"wp","href":"https:\/\/api.w.org\/{rel}","templated":true}]}}